
{"id":8082,"date":"2022-12-21T16:50:48","date_gmt":"2022-12-21T15:50:48","guid":{"rendered":"https:\/\/przedszkole18.edu.wroclaw.pl\/?p=8082"},"modified":"2022-12-21T16:50:48","modified_gmt":"2022-12-21T15:50:48","slug":"zyczenia-2","status":"publish","type":"post","link":"https:\/\/przedszkole18.edu.wroclaw.pl\/index.php\/2022\/12\/21\/zyczenia-2\/","title":{"rendered":"\u017byczenia !"},"content":{"rendered":"<p style=\"text-align: center\"><strong><span style=\"font-size: 14pt;color: #000080\"><em>\u00a0 <img loading=\"lazy\" decoding=\"async\" class=\"alignnone  wp-image-8073\" src=\"https:\/\/przedszkole18.edu.wroclaw.pl\/wp-content\/uploads\/sites\/36\/2022\/12\/Swiateczny-wianek--300x300.jpg\" alt=\"\" width=\"189\" height=\"189\" srcset=\"https:\/\/przedszkole18.edu.wroclaw.pl\/wp-content\/uploads\/sites\/36\/2022\/12\/Swiateczny-wianek--300x300.jpg 300w, https:\/\/przedszkole18.edu.wroclaw.pl\/wp-content\/uploads\/sites\/36\/2022\/12\/Swiateczny-wianek--150x150.jpg 150w, https:\/\/przedszkole18.edu.wroclaw.pl\/wp-content\/uploads\/sites\/36\/2022\/12\/Swiateczny-wianek-.jpg 500w\" sizes=\"auto, (max-width: 189px) 100vw, 189px\" \/><img loading=\"lazy\" decoding=\"async\" class=\"alignnone  wp-image-8073\" src=\"https:\/\/przedszkole18.edu.wroclaw.pl\/wp-content\/uploads\/sites\/36\/2022\/12\/Swiateczny-wianek--300x300.jpg\" alt=\"\" width=\"189\" height=\"189\" srcset=\"https:\/\/przedszkole18.edu.wroclaw.pl\/wp-content\/uploads\/sites\/36\/2022\/12\/Swiateczny-wianek--300x300.jpg 300w, https:\/\/przedszkole18.edu.wroclaw.pl\/wp-content\/uploads\/sites\/36\/2022\/12\/Swiateczny-wianek--150x150.jpg 150w, https:\/\/przedszkole18.edu.wroclaw.pl\/wp-content\/uploads\/sites\/36\/2022\/12\/Swiateczny-wianek-.jpg 500w\" sizes=\"auto, (max-width: 189px) 100vw, 189px\" \/><img loading=\"lazy\" decoding=\"async\" class=\"alignnone  wp-image-8073\" src=\"https:\/\/przedszkole18.edu.wroclaw.pl\/wp-content\/uploads\/sites\/36\/2022\/12\/Swiateczny-wianek--300x300.jpg\" alt=\"\" width=\"189\" height=\"189\" srcset=\"https:\/\/przedszkole18.edu.wroclaw.pl\/wp-content\/uploads\/sites\/36\/2022\/12\/Swiateczny-wianek--300x300.jpg 300w, https:\/\/przedszkole18.edu.wroclaw.pl\/wp-content\/uploads\/sites\/36\/2022\/12\/Swiateczny-wianek--150x150.jpg 150w, https:\/\/przedszkole18.edu.wroclaw.pl\/wp-content\/uploads\/sites\/36\/2022\/12\/Swiateczny-wianek-.jpg 500w\" sizes=\"auto, (max-width: 189px) 100vw, 189px\" \/><\/em><\/span><\/strong><\/p>\n<p style=\"text-align: center\"><strong><span style=\"font-size: 14pt;color: #000080\"><em>Bo\u017ce Narodzenie to czas cud\u00f3w!<br \/>\n<\/em><\/span><\/strong><\/p>\n<p style=\"text-align: center\"><strong><span style=\"font-size: 14pt;color: #000080\"><em>\u017bycz\u0119 Wszystkim Wam, \u00a0wiary, mi\u0142o\u015bci i odwagi! <\/em><\/span><\/strong><\/p>\n<p style=\"text-align: center\"><strong><span style=\"font-size: 14pt;color: #000080\"><em>\u00a0By\u015bcie \u00a0ka\u017cdego dnia, umieli \u00a0odnale\u017a\u0107 \u00a0w sobie cuda.<\/em><\/span><\/strong><\/p>\n<p style=\"text-align: center\"><strong><span style=\"font-size: 14pt;color: #000080\"><em> By\u015bcie \u00a0nie bali \u00a0si\u0119 pod\u0105\u017cy\u0107 za w\u0142asnymi potrzebami i marzeniami.<\/em><\/span><\/strong><\/p>\n<p style=\"text-align: center\"><strong><span style=\"font-size: 14pt;color: #000080\"><em>Wiary, kt\u00f3ra mo\u017ce przenosi\u0107 g\u00f3ry.<\/em><\/span><\/strong><br \/>\n<strong><span style=\"font-size: 14pt;color: #000080\"><em>Nadziei, kt\u00f3ra nigdy nie zga\u015bnie.<\/em><\/span><\/strong><br \/>\n<strong><span style=\"font-size: 14pt;color: #000080\"><em>Mi\u0142o\u015bci, kt\u00f3ra jest \u015bwiat\u0142em \u017cycia.<\/em><\/span><\/strong><\/p>\n<p style=\"text-align: center\"><strong><span style=\"font-size: 14pt;color: #000080\"><em>Pi\u0119knej choinki, pysznych piernik\u00f3w,<\/em><\/span><\/strong><br \/>\n<strong><span style=\"font-size: 14pt;color: #000080\"><em>mn\u00f3stwa prezent\u00f3w i niezapomnianego czasu z bliskimi!<\/em><\/span><\/strong><\/p>\n<p style=\"text-align: center\"><strong><span style=\"color: #666699\">Dzieciom, rodzicom, kole\u017cankom i kolegom. Dyrektor przedszkola Lidia Walczak-I\u017cycka.<\/span> <\/strong><\/p>\n","protected":false},"excerpt":{"rendered":"<p>\u00a0 Bo\u017ce Narodzenie to czas cud\u00f3w! \u017bycz\u0119 Wszystkim Wam, \u00a0wiary, mi\u0142o\u015bci i odwagi! \u00a0By\u015bcie \u00a0ka\u017cdego dnia, umieli \u00a0odnale\u017a\u0107 \u00a0w sobie cuda. By\u015bcie \u00a0nie bali \u00a0si\u0119 pod\u0105\u017cy\u0107 za w\u0142asnymi potrzebami i [&hellip;]<\/p>\n","protected":false},"author":115,"featured_media":8072,"comment_status":"closed","ping_status":"closed","sticky":false,"template":"","format":"standard","meta":{"ngg_post_thumbnail":0,"footnotes":""},"categories":[3],"tags":[],"class_list":["post-8082","post","type-post","status-publish","format-standard","has-post-thumbnail","hentry","category-aktualnosci","clearfix"],"_links":{"self":[{"href":"https:\/\/przedszkole18.edu.wroclaw.pl\/index.php\/wp-json\/wp\/v2\/posts\/8082","targetHints":{"allow":["GET"]}}],"collection":[{"href":"https:\/\/przedszkole18.edu.wroclaw.pl\/index.php\/wp-json\/wp\/v2\/posts"}],"about":[{"href":"https:\/\/przedszkole18.edu.wroclaw.pl\/index.php\/wp-json\/wp\/v2\/types\/post"}],"author":[{"embeddable":true,"href":"https:\/\/przedszkole18.edu.wroclaw.pl\/index.php\/wp-json\/wp\/v2\/users\/115"}],"replies":[{"embeddable":true,"href":"https:\/\/przedszkole18.edu.wroclaw.pl\/index.php\/wp-json\/wp\/v2\/comments?post=8082"}],"version-history":[{"count":1,"href":"https:\/\/przedszkole18.edu.wroclaw.pl\/index.php\/wp-json\/wp\/v2\/posts\/8082\/revisions"}],"predecessor-version":[{"id":8083,"href":"https:\/\/przedszkole18.edu.wroclaw.pl\/index.php\/wp-json\/wp\/v2\/posts\/8082\/revisions\/8083"}],"wp:featuredmedia":[{"embeddable":true,"href":"https:\/\/przedszkole18.edu.wroclaw.pl\/index.php\/wp-json\/wp\/v2\/media\/8072"}],"wp:attachment":[{"href":"https:\/\/przedszkole18.edu.wroclaw.pl\/index.php\/wp-json\/wp\/v2\/media?parent=8082"}],"wp:term":[{"taxonomy":"category","embeddable":true,"href":"https:\/\/przedszkole18.edu.wroclaw.pl\/index.php\/wp-json\/wp\/v2\/categories?post=8082"},{"taxonomy":"post_tag","embeddable":true,"href":"https:\/\/przedszkole18.edu.wroclaw.pl\/index.php\/wp-json\/wp\/v2\/tags?post=8082"}],"curies":[{"name":"wp","href":"https:\/\/api.w.org\/{rel}","templated":true}]}}