
{"id":8148,"date":"2022-12-30T11:59:49","date_gmt":"2022-12-30T10:59:49","guid":{"rendered":"https:\/\/przedszkole18.edu.wroclaw.pl\/?p=8148"},"modified":"2022-12-30T12:04:18","modified_gmt":"2022-12-30T11:04:18","slug":"8148","status":"publish","type":"post","link":"https:\/\/przedszkole18.edu.wroclaw.pl\/index.php\/2022\/12\/30\/8148\/","title":{"rendered":"\u017bYCZENIA NOWOROCZNE!"},"content":{"rendered":"<p><img loading=\"lazy\" decoding=\"async\" class=\"alignnone size-full wp-image-8039\" src=\"https:\/\/przedszkole18.edu.wroclaw.pl\/wp-content\/uploads\/sites\/36\/2022\/12\/mikolaj-1.jpg\" alt=\"\" width=\"210\" height=\"239\" \/><\/p>\n<p><span style=\"color: #000080\"><strong>Wiem, wiem, wiem &#8211; to dla Was szok, \u017ce znowu mamy Nowy Rok!\u00a0 <\/strong><\/span><br \/>\n<span style=\"color: #000080\"><strong>Niech b\u0119dzie radosny, niech si\u0119 zacznie mile i niech Wam przyniesie same, szcz\u0119\u015bliwe chwile.<\/strong><\/span><br \/>\n<span style=\"color: #000080\"><strong>Niech moje \u017cyczenia, spe\u0142ni\u0105 si\u0119 co do joty. Niech omin\u0105 Was troski i k\u0142opoty.<br \/>\n<\/strong><\/span><\/p>\n<p><span style=\"color: #000080\">Zdrowia, pomy\u015blno\u015bci, spe\u0142nienia marze\u0144 i plan\u00f3w. Pozdrawiam serdecznie. Dyrektor plac\u00f3wki Lidia Walczak &#8211; I\u017cycka\u00a0<\/span><\/p>\n","protected":false},"excerpt":{"rendered":"<p>Wiem, wiem, wiem &#8211; to dla Was szok, \u017ce znowu mamy Nowy Rok!\u00a0 Niech b\u0119dzie radosny, niech si\u0119 zacznie mile i niech Wam przyniesie same, szcz\u0119\u015bliwe chwile. Niech moje \u017cyczenia, [&hellip;]<\/p>\n","protected":false},"author":115,"featured_media":8040,"comment_status":"closed","ping_status":"closed","sticky":false,"template":"","format":"standard","meta":{"ngg_post_thumbnail":0,"footnotes":""},"categories":[3],"tags":[],"class_list":["post-8148","post","type-post","status-publish","format-standard","has-post-thumbnail","hentry","category-aktualnosci","clearfix"],"_links":{"self":[{"href":"https:\/\/przedszkole18.edu.wroclaw.pl\/index.php\/wp-json\/wp\/v2\/posts\/8148","targetHints":{"allow":["GET"]}}],"collection":[{"href":"https:\/\/przedszkole18.edu.wroclaw.pl\/index.php\/wp-json\/wp\/v2\/posts"}],"about":[{"href":"https:\/\/przedszkole18.edu.wroclaw.pl\/index.php\/wp-json\/wp\/v2\/types\/post"}],"author":[{"embeddable":true,"href":"https:\/\/przedszkole18.edu.wroclaw.pl\/index.php\/wp-json\/wp\/v2\/users\/115"}],"replies":[{"embeddable":true,"href":"https:\/\/przedszkole18.edu.wroclaw.pl\/index.php\/wp-json\/wp\/v2\/comments?post=8148"}],"version-history":[{"count":4,"href":"https:\/\/przedszkole18.edu.wroclaw.pl\/index.php\/wp-json\/wp\/v2\/posts\/8148\/revisions"}],"predecessor-version":[{"id":8152,"href":"https:\/\/przedszkole18.edu.wroclaw.pl\/index.php\/wp-json\/wp\/v2\/posts\/8148\/revisions\/8152"}],"wp:featuredmedia":[{"embeddable":true,"href":"https:\/\/przedszkole18.edu.wroclaw.pl\/index.php\/wp-json\/wp\/v2\/media\/8040"}],"wp:attachment":[{"href":"https:\/\/przedszkole18.edu.wroclaw.pl\/index.php\/wp-json\/wp\/v2\/media?parent=8148"}],"wp:term":[{"taxonomy":"category","embeddable":true,"href":"https:\/\/przedszkole18.edu.wroclaw.pl\/index.php\/wp-json\/wp\/v2\/categories?post=8148"},{"taxonomy":"post_tag","embeddable":true,"href":"https:\/\/przedszkole18.edu.wroclaw.pl\/index.php\/wp-json\/wp\/v2\/tags?post=8148"}],"curies":[{"name":"wp","href":"https:\/\/api.w.org\/{rel}","templated":true}]}}