
{"id":8188,"date":"2023-01-09T13:17:48","date_gmt":"2023-01-09T12:17:48","guid":{"rendered":"https:\/\/przedszkole18.edu.wroclaw.pl\/?p=8188"},"modified":"2023-01-09T13:26:15","modified_gmt":"2023-01-09T12:26:15","slug":"wazne-25","status":"publish","type":"post","link":"https:\/\/przedszkole18.edu.wroclaw.pl\/index.php\/2023\/01\/09\/wazne-25\/","title":{"rendered":"Wa\u017cne!"},"content":{"rendered":"<p><span style=\"font-size: 14pt;color: #003366\"><em><strong>Szanowni Pa\u0144stwo!<\/strong><\/em><\/span><\/p>\n<p data-normal-size=\"14\"><span style=\"color: #008000\"><strong>Du\u017ca ilo\u015b\u0107 zachorowa\u0144 zmusza do podj\u0119cia decyzji,\u00a0 zwi\u0105zanych z uroczysto\u015bciami przedszkolnymi, zatem:<\/strong><\/span><\/p>\n<p data-normal-size=\"14\"><span style=\"color: #008000\"><strong>W dniu 11 stycznia planujemy nagranie\u00a0 dla rodzic\u00f3w Koncert kol\u0119d i\u00a0 udost\u0119pnienie\u00a0 go na stronie internetowej\u00a0 przedszkola.<\/strong><\/span><\/p>\n<p data-normal-size=\"14\"><span style=\"color: #008000\"><strong>W koncercie bior\u0105 udzia\u0142 dzieci starsze \/5-6 latki\/ IV, IV A, III A, prosimy o przygotowanie galowych stroj\u00f3w.<\/strong><\/span><\/p>\n<p data-normal-size=\"14\">\n<p data-normal-size=\"14\"><strong><span style=\"color: #003366\">Dzie\u0144 babci i dziadka\u00a0 planujemy nagra\u0107 we wsp\u00f3\u0142pracy z rodzicami grup i przekaza\u0107 pozosta\u0142ym rodzicom.<\/span><\/strong><\/p>\n<p data-normal-size=\"14\"><strong><span style=\"color: #003366\">Wasz\u0105 rol\u0105 kochani rodzice, b\u0119dzie pokazanie koncertu ukochanym babciom i dziadkom. Wraz z \u017cyczeniami zdrowia i rado\u015bci.\u00a0<\/span><\/strong><\/p>\n<p data-normal-size=\"14\"><span style=\"color: #003366\">Pozdrawiam i \u017cycz\u0119 du\u017co zdrowia. Dyrektor plac\u00f3wki Lidia Walczak-I\u017cycka\u00a0 <\/span><strong><span style=\"color: #003366\"><br \/>\n<\/span><\/strong><\/p>\n","protected":false},"excerpt":{"rendered":"<p>Szanowni Pa\u0144stwo! Du\u017ca ilo\u015b\u0107 zachorowa\u0144 zmusza do podj\u0119cia decyzji,\u00a0 zwi\u0105zanych z uroczysto\u015bciami przedszkolnymi, zatem: W dniu 11 stycznia planujemy nagranie\u00a0 dla rodzic\u00f3w Koncert kol\u0119d i\u00a0 udost\u0119pnienie\u00a0 go na stronie internetowej\u00a0 [&hellip;]<\/p>\n","protected":false},"author":115,"featured_media":8155,"comment_status":"closed","ping_status":"closed","sticky":false,"template":"","format":"standard","meta":{"ngg_post_thumbnail":0,"footnotes":""},"categories":[3],"tags":[],"class_list":["post-8188","post","type-post","status-publish","format-standard","has-post-thumbnail","hentry","category-aktualnosci","clearfix"],"_links":{"self":[{"href":"https:\/\/przedszkole18.edu.wroclaw.pl\/index.php\/wp-json\/wp\/v2\/posts\/8188","targetHints":{"allow":["GET"]}}],"collection":[{"href":"https:\/\/przedszkole18.edu.wroclaw.pl\/index.php\/wp-json\/wp\/v2\/posts"}],"about":[{"href":"https:\/\/przedszkole18.edu.wroclaw.pl\/index.php\/wp-json\/wp\/v2\/types\/post"}],"author":[{"embeddable":true,"href":"https:\/\/przedszkole18.edu.wroclaw.pl\/index.php\/wp-json\/wp\/v2\/users\/115"}],"replies":[{"embeddable":true,"href":"https:\/\/przedszkole18.edu.wroclaw.pl\/index.php\/wp-json\/wp\/v2\/comments?post=8188"}],"version-history":[{"count":5,"href":"https:\/\/przedszkole18.edu.wroclaw.pl\/index.php\/wp-json\/wp\/v2\/posts\/8188\/revisions"}],"predecessor-version":[{"id":8193,"href":"https:\/\/przedszkole18.edu.wroclaw.pl\/index.php\/wp-json\/wp\/v2\/posts\/8188\/revisions\/8193"}],"wp:featuredmedia":[{"embeddable":true,"href":"https:\/\/przedszkole18.edu.wroclaw.pl\/index.php\/wp-json\/wp\/v2\/media\/8155"}],"wp:attachment":[{"href":"https:\/\/przedszkole18.edu.wroclaw.pl\/index.php\/wp-json\/wp\/v2\/media?parent=8188"}],"wp:term":[{"taxonomy":"category","embeddable":true,"href":"https:\/\/przedszkole18.edu.wroclaw.pl\/index.php\/wp-json\/wp\/v2\/categories?post=8188"},{"taxonomy":"post_tag","embeddable":true,"href":"https:\/\/przedszkole18.edu.wroclaw.pl\/index.php\/wp-json\/wp\/v2\/tags?post=8188"}],"curies":[{"name":"wp","href":"https:\/\/api.w.org\/{rel}","templated":true}]}}