
{"id":8284,"date":"2023-01-25T15:20:17","date_gmt":"2023-01-25T14:20:17","guid":{"rendered":"https:\/\/przedszkole18.edu.wroclaw.pl\/?p=8284"},"modified":"2023-01-25T16:36:44","modified_gmt":"2023-01-25T15:36:44","slug":"drodzy-panstwo-3","status":"publish","type":"post","link":"https:\/\/przedszkole18.edu.wroclaw.pl\/index.php\/2023\/01\/25\/drodzy-panstwo-3\/","title":{"rendered":"Drodzy Pa\u0144stwo!"},"content":{"rendered":"<p>W dniu dzisiejszym, grupa II, III A, IV nagra\u0142y swoje wyst\u0119py przygotowane z okazji Dnia Babci i Dziadka, mamy nadziej\u0119, \u017ce\u00a0 uda si\u0119 je szybko udost\u0119pni\u0107 na podstronach grup. Korzystamy z uprzejmo\u015bci rodzic\u00f3w, dlatego te\u017c prosz\u0119 o cierpliwo\u015b\u0107.<\/p>\n<p>Na ten moment umieszczam link do zdj\u0119\u0107 z Koncertu Kol\u0119d\u00a0<a href=\"https:\/\/photos.app.goo.gl\/61NTvBjbCUQM1sTM8\">https:\/\/photos.app.goo.gl\/61NTvBjbCUQM1sTM8<\/a>\u00a0 na film czekamy. Proces obr\u00f3bki filmu jeszcze trwa. Pozdrawiam i \u017cycz\u0119 zdrowia.<\/p>\n","protected":false},"excerpt":{"rendered":"<p>W dniu dzisiejszym, grupa II, III A, IV nagra\u0142y swoje wyst\u0119py przygotowane z okazji Dnia Babci i Dziadka, mamy nadziej\u0119, \u017ce\u00a0 uda si\u0119 je szybko udost\u0119pni\u0107 na podstronach grup. Korzystamy [&hellip;]<\/p>\n","protected":false},"author":115,"featured_media":0,"comment_status":"closed","ping_status":"closed","sticky":false,"template":"","format":"standard","meta":{"ngg_post_thumbnail":0,"footnotes":""},"categories":[3],"tags":[],"class_list":["post-8284","post","type-post","status-publish","format-standard","hentry","category-aktualnosci","clearfix"],"_links":{"self":[{"href":"https:\/\/przedszkole18.edu.wroclaw.pl\/index.php\/wp-json\/wp\/v2\/posts\/8284","targetHints":{"allow":["GET"]}}],"collection":[{"href":"https:\/\/przedszkole18.edu.wroclaw.pl\/index.php\/wp-json\/wp\/v2\/posts"}],"about":[{"href":"https:\/\/przedszkole18.edu.wroclaw.pl\/index.php\/wp-json\/wp\/v2\/types\/post"}],"author":[{"embeddable":true,"href":"https:\/\/przedszkole18.edu.wroclaw.pl\/index.php\/wp-json\/wp\/v2\/users\/115"}],"replies":[{"embeddable":true,"href":"https:\/\/przedszkole18.edu.wroclaw.pl\/index.php\/wp-json\/wp\/v2\/comments?post=8284"}],"version-history":[{"count":5,"href":"https:\/\/przedszkole18.edu.wroclaw.pl\/index.php\/wp-json\/wp\/v2\/posts\/8284\/revisions"}],"predecessor-version":[{"id":8289,"href":"https:\/\/przedszkole18.edu.wroclaw.pl\/index.php\/wp-json\/wp\/v2\/posts\/8284\/revisions\/8289"}],"wp:attachment":[{"href":"https:\/\/przedszkole18.edu.wroclaw.pl\/index.php\/wp-json\/wp\/v2\/media?parent=8284"}],"wp:term":[{"taxonomy":"category","embeddable":true,"href":"https:\/\/przedszkole18.edu.wroclaw.pl\/index.php\/wp-json\/wp\/v2\/categories?post=8284"},{"taxonomy":"post_tag","embeddable":true,"href":"https:\/\/przedszkole18.edu.wroclaw.pl\/index.php\/wp-json\/wp\/v2\/tags?post=8284"}],"curies":[{"name":"wp","href":"https:\/\/api.w.org\/{rel}","templated":true}]}}