
{"id":8333,"date":"2023-02-01T11:45:57","date_gmt":"2023-02-01T10:45:57","guid":{"rendered":"https:\/\/przedszkole18.edu.wroclaw.pl\/?p=8333"},"modified":"2023-02-01T11:45:57","modified_gmt":"2023-02-01T10:45:57","slug":"nagranie-koncert-koled","status":"publish","type":"post","link":"https:\/\/przedszkole18.edu.wroclaw.pl\/index.php\/2023\/02\/01\/nagranie-koncert-koled\/","title":{"rendered":"Nagranie- Koncert Kol\u0119d."},"content":{"rendered":"<p><span style=\"font-size: 14pt;color: #003366\"><strong>Szanowni Pa\u0144stwo!<\/strong><\/span><\/p>\n<p><span style=\"font-size: 14pt;color: #003366\"> Zapraszamy do obejrzenia nagrania z Koncertu Kol\u0119d.<span style=\"color: #0000ff\"> <a style=\"color: #0000ff\" href=\"https:\/\/www.youtube.com\/watch?v=OLvF9DRB0Hg\">https:\/\/www.youtube.com\/watch?v=OLvF9DRB0Hg<\/a><\/span> Mamy nadziej\u0119, \u017ce jak zawsze ch\u0119tnie zobaczycie. Dzi\u0119kuj\u0119 wszystkim za przygotowanie dzieci i oczywi\u015bcie samym dzieciom za ich zaanga\u017cowanie. Panie Michale dzi\u0119kuj\u0119 za pomoc. Pozdrawiam i \u017cycz\u0119 du\u017co zdrowia. <\/span><\/p>\n","protected":false},"excerpt":{"rendered":"<p>Szanowni Pa\u0144stwo! Zapraszamy do obejrzenia nagrania z Koncertu Kol\u0119d. https:\/\/www.youtube.com\/watch?v=OLvF9DRB0Hg Mamy nadziej\u0119, \u017ce jak zawsze ch\u0119tnie zobaczycie. Dzi\u0119kuj\u0119 wszystkim za przygotowanie dzieci i oczywi\u015bcie samym dzieciom za ich zaanga\u017cowanie. Panie [&hellip;]<\/p>\n","protected":false},"author":115,"featured_media":0,"comment_status":"closed","ping_status":"closed","sticky":false,"template":"","format":"standard","meta":{"ngg_post_thumbnail":0,"footnotes":""},"categories":[3],"tags":[],"class_list":["post-8333","post","type-post","status-publish","format-standard","hentry","category-aktualnosci","clearfix"],"_links":{"self":[{"href":"https:\/\/przedszkole18.edu.wroclaw.pl\/index.php\/wp-json\/wp\/v2\/posts\/8333","targetHints":{"allow":["GET"]}}],"collection":[{"href":"https:\/\/przedszkole18.edu.wroclaw.pl\/index.php\/wp-json\/wp\/v2\/posts"}],"about":[{"href":"https:\/\/przedszkole18.edu.wroclaw.pl\/index.php\/wp-json\/wp\/v2\/types\/post"}],"author":[{"embeddable":true,"href":"https:\/\/przedszkole18.edu.wroclaw.pl\/index.php\/wp-json\/wp\/v2\/users\/115"}],"replies":[{"embeddable":true,"href":"https:\/\/przedszkole18.edu.wroclaw.pl\/index.php\/wp-json\/wp\/v2\/comments?post=8333"}],"version-history":[{"count":1,"href":"https:\/\/przedszkole18.edu.wroclaw.pl\/index.php\/wp-json\/wp\/v2\/posts\/8333\/revisions"}],"predecessor-version":[{"id":8334,"href":"https:\/\/przedszkole18.edu.wroclaw.pl\/index.php\/wp-json\/wp\/v2\/posts\/8333\/revisions\/8334"}],"wp:attachment":[{"href":"https:\/\/przedszkole18.edu.wroclaw.pl\/index.php\/wp-json\/wp\/v2\/media?parent=8333"}],"wp:term":[{"taxonomy":"category","embeddable":true,"href":"https:\/\/przedszkole18.edu.wroclaw.pl\/index.php\/wp-json\/wp\/v2\/categories?post=8333"},{"taxonomy":"post_tag","embeddable":true,"href":"https:\/\/przedszkole18.edu.wroclaw.pl\/index.php\/wp-json\/wp\/v2\/tags?post=8333"}],"curies":[{"name":"wp","href":"https:\/\/api.w.org\/{rel}","templated":true}]}}