
{"id":835,"date":"2020-03-19T12:56:46","date_gmt":"2020-03-19T11:56:46","guid":{"rendered":"https:\/\/przedszkole18.edu.wroclaw.pl\/?p=835"},"modified":"2020-03-19T13:55:22","modified_gmt":"2020-03-19T12:55:22","slug":"rekrutacja","status":"publish","type":"post","link":"https:\/\/przedszkole18.edu.wroclaw.pl\/index.php\/2020\/03\/19\/rekrutacja\/","title":{"rendered":"Rekrutacja !!!"},"content":{"rendered":"<p style=\"text-align: center\"><img loading=\"lazy\" decoding=\"async\" class=\"size-full wp-image-845 aligncenter\" src=\"https:\/\/przedszkole18.edu.wroclaw.pl\/wp-content\/uploads\/sites\/36\/2020\/03\/unnamed.jpg\" alt=\"\" width=\"500\" height=\"200\" srcset=\"https:\/\/przedszkole18.edu.wroclaw.pl\/wp-content\/uploads\/sites\/36\/2020\/03\/unnamed.jpg 500w, https:\/\/przedszkole18.edu.wroclaw.pl\/wp-content\/uploads\/sites\/36\/2020\/03\/unnamed-300x120.jpg 300w\" sizes=\"auto, (max-width: 500px) 100vw, 500px\" \/><\/p>\n<p>&nbsp;<\/p>\n<p style=\"text-align: center\"><span style=\"font-size: 18pt\"><strong>Szanowni Pa\u0144stwo,<\/strong><\/span><\/p>\n<p>w zwi\u0105zku z zagro\u017ceniem epidemiologicznym wprowadzamy dodatkowe rozwi\u0105zania w rekrutacji do przedszkoli, kt\u00f3re maja na celu u\u0142atwi\u0107 rodzicom post\u0119powanie i zapobiec dodatkowemu przemieszczaniu si\u0119 po mie\u015bcie.<\/p>\n<p>Zgodnie z harmonogramem wnioski nale\u017cy wype\u0142ni\u0107 w systemie elektronicznym w terminie 20-25 marca. Nale\u017cy je nast\u0119pnie wydrukowa\u0107, podpisa\u0107, do\u0142\u0105czy\u0107 niezb\u0119dne za\u0142\u0105czniki i wys\u0142a\u0107 za pomoc\u0105 systemu rekrutacji.\u00a0<strong>Nie sk\u0142adamy wniosk\u00f3w osobi\u015bcie w plac\u00f3wce pierwszego wyboru, jak by\u0142o do tej pory!<\/strong><\/p>\n<p>W zwi\u0105zku z tym, \u017ce obecna sytuacja mo\u017ce utrudnia\u0107 zdobycie dodatkowych dokument\u00f3w wymaganych w rekrutacji, przyj\u0119li\u015bmy dodatkowe rozwi\u0105zania.<\/p>\n<ul>\n<li><strong>za\u015bwiadczenie o zatrudnieniu:<\/strong>na tym etapie rekrutacji b\u0119dziemy honorowa\u0107 r\u00f3wnie\u017c \u00a0o\u015bwiadczenia o zatrudnieniu, a tak\u017ce dokumenty w formie e-mail lub skanu za\u015bwiadcze\u0144 z zak\u0142ad\u00f3w pracy \u2013 odpowiednie dokumenty b\u0119dzie trzeba dostarczy\u0107 w p\u00f3\u017aniejszym terminie.<br \/>\n\u00b7<strong>za\u015bwiadczenie z poradni o potrzebie kszta\u0142cenia specjalnego:<\/strong>b\u0119dziemy honorowa\u0107 tak\u017ce skan za\u015bwiadczenia lub o\u015bwiadczeniem o tym, \u017ce dziecko jest w trakcie uzyskiwania odpowiednich dokument\u00f3w \u2013 odpowiednie dokumenty b\u0119dzie trzeba dostarczy\u0107 w p\u00f3\u017aniejszym terminie.<br \/>\n\u00b7<strong>zamieszkanie we Wroc\u0142awiu:<\/strong>\u00a0<strong>nie ma konieczno\u015bci uzyskiwania za\u015bwiadcze\u0144 o zameldowaniu<\/strong>\u00a0z biura meldunkowego. Prosimy o nie przychodzenie w tej sprawie do urz\u0119du.<u>\u00a0<\/u><\/li>\n<\/ul>\n<p><strong>wydawanie hase\u0142 dla kandydat\u00f3w, kt\u00f3rzy chc\u0105 zmieni\u0107 przedszkole:<\/strong>\u00a0has\u0142a b\u0119d\u0105 wydawane za po\u015brednictwem adresu e-mail oraz rozmowy telefonicznej<\/p>\n<p>Komisje rekrutacyjne w czasie analizy dokument\u00f3w b\u0119d\u0105 mog\u0142y prosi\u0107 o okazywanie dodatk\u00f3w dokument\u00f3w gdy informacja w o\u015bwiadczeniu nie b\u0119dzie zgodna z informacjami zawartymi w naszych bazach danych.<\/p>\n<p><strong>POZOSTA\u0141E INFORMACJE:<\/strong><\/p>\n<p><strong>Szczeg\u00f3\u0142owe informacje o rekrutacji elektronicznej na rok szkolny 2020\/2021 dost\u0119pne s\u0105<br \/>\nw zak\u0142adkach w menu z lewej strony.<\/strong><\/p>\n<p><strong>Przed wype\u0142nianiem wniosku rekrutacyjnego, nale\u017cy zapozna\u0107 si\u0119 z rejestrem \u017c\u0142obk\u00f3w, klub\u00f3w dzieci\u0119cych i opiekun\u00f3w<\/strong> <strong>dziennych<\/strong><strong> prowadzonych przez Prezydenta Miasta, w celu sprawdzenia czy kandydat spe\u0142nia kryterium nr 6.<\/strong><\/p>\n<p><strong>Poni\u017cej adres do rejestru \u017c\u0142obk\u00f3w, klub\u00f3w dzieci\u0119cych i opiekun\u00f3w dziennych prowadzonego przez Prezydenta Miasta. Rejestr prowadzony jest zgodnie z ustaw\u0105 o opiece nad dzie\u0107mi<br \/>\nw wieku do lat 3, Dz. U. z 2013 r. poz. 1457 (dot. kryterium nr 6 w rekrutacji do przedszkoli<br \/>\ni oddzia\u0142\u00f3w przedszkolnych w szko\u0142ach podstawowych).<\/strong><\/p>\n<p><a href=\"https:\/\/www.wroclaw.pl\/rejestr-zlobkow-i-klubow-dzieciecych\"><strong>https:\/\/www.wroclaw.pl\/rejestr-zlobkow-i-klubow-dzieciecych<\/strong><\/a><\/p>\n<p><strong><u>UWAGA!!!<\/u><\/strong><\/p>\n<p><strong>W elektronicznej rekrutacji 2020\/2021 do Przedszkoli i Oddzia\u0142\u00f3w Przedszkolnych<br \/>\n<\/strong><strong>w Szko\u0142ach Podstawowych bior\u0105 udzia\u0142 r\u00f3wnie\u017c <\/strong><strong>Przedszkola \u00a0prowadzone przez inny organ.<\/strong><\/p>\n<p><strong>W rekrutacji elektronicznej kolejno\u015b\u0107 sk\u0142adania formularza rekrutacyjnego<br \/>\nnie ma znaczenia, o przyj\u0119ciu decyduje liczba punkt\u00f3w rekrutacyjnych.<\/strong><br \/>\n<strong><u>KRYTERIUM DOCHODU<\/u><\/strong><strong><u> &#8211; UWAGA!!!<\/u><\/strong><\/p>\n<ul>\n<li><strong>dochodu, kt\u00f3ry ma zosta\u0107 wpisany we wniosku rekrutacyjnym nie nale\u017cy zaokr\u0105gla\u0107<\/strong><\/li>\n<li><strong>do wyliczenia dochodu nale\u017cy korzysta\u0107 z kalkulatora dost\u0119pnego w zak\u0142adkach po lewej stronie<\/strong><\/li>\n<li><strong>do wyliczenia dochodu bierze si\u0119 pod uwag\u0119: dowolne trzy miesi\u0105ce z sze\u015bciu poprzedzaj\u0105cych miesi\u0119cy z\u0142o\u017cenie wniosku (nie musz\u0105 by\u0107 kolejne), przy czym doch\u00f3d matki i ojca nale\u017cy poda\u0107 z tych samych miesi\u0119cy.<\/strong><\/li>\n<\/ul>\n<p><strong>Pytania w sprawie rekrutacji mo\u017cna kierowa\u0107 bezpo\u015brednio do:<\/strong><\/p>\n<ul>\n<li><strong>Plac\u00f3wek w godzinach ich pracy<\/strong><\/li>\n<\/ul>\n<p><strong>Teleinformatycznego Centrum Obs\u0142ugi Mieszka\u0144ca &#8211; (71) 777 77 77 &#8211; w godzinach 8.00-15.45<\/strong><\/p>\n<p>&nbsp;<\/p>\n","protected":false},"excerpt":{"rendered":"<p>&nbsp; Szanowni Pa\u0144stwo, w zwi\u0105zku z zagro\u017ceniem epidemiologicznym wprowadzamy dodatkowe rozwi\u0105zania w rekrutacji do przedszkoli, kt\u00f3re maja na celu u\u0142atwi\u0107 rodzicom post\u0119powanie i zapobiec dodatkowemu przemieszczaniu si\u0119 po mie\u015bcie. Zgodnie [&hellip;]<\/p>\n","protected":false},"author":115,"featured_media":845,"comment_status":"closed","ping_status":"closed","sticky":false,"template":"","format":"standard","meta":{"ngg_post_thumbnail":0,"footnotes":""},"categories":[3],"tags":[],"class_list":["post-835","post","type-post","status-publish","format-standard","has-post-thumbnail","hentry","category-aktualnosci","clearfix"],"_links":{"self":[{"href":"https:\/\/przedszkole18.edu.wroclaw.pl\/index.php\/wp-json\/wp\/v2\/posts\/835","targetHints":{"allow":["GET"]}}],"collection":[{"href":"https:\/\/przedszkole18.edu.wroclaw.pl\/index.php\/wp-json\/wp\/v2\/posts"}],"about":[{"href":"https:\/\/przedszkole18.edu.wroclaw.pl\/index.php\/wp-json\/wp\/v2\/types\/post"}],"author":[{"embeddable":true,"href":"https:\/\/przedszkole18.edu.wroclaw.pl\/index.php\/wp-json\/wp\/v2\/users\/115"}],"replies":[{"embeddable":true,"href":"https:\/\/przedszkole18.edu.wroclaw.pl\/index.php\/wp-json\/wp\/v2\/comments?post=835"}],"version-history":[{"count":6,"href":"https:\/\/przedszkole18.edu.wroclaw.pl\/index.php\/wp-json\/wp\/v2\/posts\/835\/revisions"}],"predecessor-version":[{"id":846,"href":"https:\/\/przedszkole18.edu.wroclaw.pl\/index.php\/wp-json\/wp\/v2\/posts\/835\/revisions\/846"}],"wp:featuredmedia":[{"embeddable":true,"href":"https:\/\/przedszkole18.edu.wroclaw.pl\/index.php\/wp-json\/wp\/v2\/media\/845"}],"wp:attachment":[{"href":"https:\/\/przedszkole18.edu.wroclaw.pl\/index.php\/wp-json\/wp\/v2\/media?parent=835"}],"wp:term":[{"taxonomy":"category","embeddable":true,"href":"https:\/\/przedszkole18.edu.wroclaw.pl\/index.php\/wp-json\/wp\/v2\/categories?post=835"},{"taxonomy":"post_tag","embeddable":true,"href":"https:\/\/przedszkole18.edu.wroclaw.pl\/index.php\/wp-json\/wp\/v2\/tags?post=835"}],"curies":[{"name":"wp","href":"https:\/\/api.w.org\/{rel}","templated":true}]}}