
{"id":8358,"date":"2023-02-05T09:57:28","date_gmt":"2023-02-05T08:57:28","guid":{"rendered":"https:\/\/przedszkole18.edu.wroclaw.pl\/?p=8358"},"modified":"2023-02-05T09:57:28","modified_gmt":"2023-02-05T08:57:28","slug":"karnawal","status":"publish","type":"post","link":"https:\/\/przedszkole18.edu.wroclaw.pl\/index.php\/2023\/02\/05\/karnawal\/","title":{"rendered":"KARNAWA\u0141"},"content":{"rendered":"<p><span style=\"font-size: 14pt;color: #000080\"><strong>Szanowni Pa\u0144stwo, kochane dzieci!<\/strong><\/span><\/p>\n<p><span style=\"color: #000080\"><strong>10.02.2023 \/pi\u0105tek\/ godzina 9.30-11.00\u00a0 \u00a0<\/strong><\/span><\/p>\n<p><span style=\"color: #000080\"> Zapraszamy na bal karnawa\u0142owy, gwarantujemy du\u017co dobrej zabawy i wiele rado\u015bci. Przygotowany przez Was str\u00f3j to bilet wst\u0119pu, na nasz\u0105\u00a0 karnawa\u0142ow\u0105 zabaw\u0119.\u00a0 Planujemy tak\u017ce spotkanie z fotografem, kt\u00f3ry jak zawsze na Pa\u0144stwa \u017cyczenie, upami\u0119tni na fotografiach dzieci.\u00a0<\/span><\/p>\n","protected":false},"excerpt":{"rendered":"<p>Szanowni Pa\u0144stwo, kochane dzieci! 10.02.2023 \/pi\u0105tek\/ godzina 9.30-11.00\u00a0 \u00a0 Zapraszamy na bal karnawa\u0142owy, gwarantujemy du\u017co dobrej zabawy i wiele rado\u015bci. Przygotowany przez Was str\u00f3j to bilet wst\u0119pu, na nasz\u0105\u00a0 karnawa\u0142ow\u0105 [&hellip;]<\/p>\n","protected":false},"author":115,"featured_media":6036,"comment_status":"closed","ping_status":"closed","sticky":false,"template":"","format":"standard","meta":{"ngg_post_thumbnail":0,"footnotes":""},"categories":[3],"tags":[],"class_list":["post-8358","post","type-post","status-publish","format-standard","has-post-thumbnail","hentry","category-aktualnosci","clearfix"],"_links":{"self":[{"href":"https:\/\/przedszkole18.edu.wroclaw.pl\/index.php\/wp-json\/wp\/v2\/posts\/8358","targetHints":{"allow":["GET"]}}],"collection":[{"href":"https:\/\/przedszkole18.edu.wroclaw.pl\/index.php\/wp-json\/wp\/v2\/posts"}],"about":[{"href":"https:\/\/przedszkole18.edu.wroclaw.pl\/index.php\/wp-json\/wp\/v2\/types\/post"}],"author":[{"embeddable":true,"href":"https:\/\/przedszkole18.edu.wroclaw.pl\/index.php\/wp-json\/wp\/v2\/users\/115"}],"replies":[{"embeddable":true,"href":"https:\/\/przedszkole18.edu.wroclaw.pl\/index.php\/wp-json\/wp\/v2\/comments?post=8358"}],"version-history":[{"count":1,"href":"https:\/\/przedszkole18.edu.wroclaw.pl\/index.php\/wp-json\/wp\/v2\/posts\/8358\/revisions"}],"predecessor-version":[{"id":8359,"href":"https:\/\/przedszkole18.edu.wroclaw.pl\/index.php\/wp-json\/wp\/v2\/posts\/8358\/revisions\/8359"}],"wp:featuredmedia":[{"embeddable":true,"href":"https:\/\/przedszkole18.edu.wroclaw.pl\/index.php\/wp-json\/wp\/v2\/media\/6036"}],"wp:attachment":[{"href":"https:\/\/przedszkole18.edu.wroclaw.pl\/index.php\/wp-json\/wp\/v2\/media?parent=8358"}],"wp:term":[{"taxonomy":"category","embeddable":true,"href":"https:\/\/przedszkole18.edu.wroclaw.pl\/index.php\/wp-json\/wp\/v2\/categories?post=8358"},{"taxonomy":"post_tag","embeddable":true,"href":"https:\/\/przedszkole18.edu.wroclaw.pl\/index.php\/wp-json\/wp\/v2\/tags?post=8358"}],"curies":[{"name":"wp","href":"https:\/\/api.w.org\/{rel}","templated":true}]}}