
{"id":8480,"date":"2023-02-24T20:18:11","date_gmt":"2023-02-24T19:18:11","guid":{"rendered":"https:\/\/przedszkole18.edu.wroclaw.pl\/?p=8480"},"modified":"2023-02-26T18:07:52","modified_gmt":"2023-02-26T17:07:52","slug":"obchody-dnia-jezyka-ojczystego","status":"publish","type":"post","link":"https:\/\/przedszkole18.edu.wroclaw.pl\/index.php\/2023\/02\/24\/obchody-dnia-jezyka-ojczystego\/","title":{"rendered":"OBCHODY DNIA J\u0118ZYKA OJCZYSTEGO"},"content":{"rendered":"<p><img loading=\"lazy\" decoding=\"async\" class=\"alignnone size-medium wp-image-8529\" src=\"https:\/\/przedszkole18.edu.wroclaw.pl\/wp-content\/uploads\/sites\/36\/2023\/02\/img_20230223_093627-300x225.jpg\" alt=\"\" width=\"300\" height=\"225\" \/> <img loading=\"lazy\" decoding=\"async\" class=\"alignnone size-medium wp-image-8530\" src=\"https:\/\/przedszkole18.edu.wroclaw.pl\/wp-content\/uploads\/sites\/36\/2023\/02\/img_20230223_093902-300x225.jpg\" alt=\"\" width=\"300\" height=\"225\" \/> <img loading=\"lazy\" decoding=\"async\" class=\"alignnone size-medium wp-image-8531\" src=\"https:\/\/przedszkole18.edu.wroclaw.pl\/wp-content\/uploads\/sites\/36\/2023\/02\/img_20230223_093909-300x225.jpg\" alt=\"\" width=\"300\" height=\"225\" \/> <img loading=\"lazy\" decoding=\"async\" class=\"alignnone size-medium wp-image-8532\" src=\"https:\/\/przedszkole18.edu.wroclaw.pl\/wp-content\/uploads\/sites\/36\/2023\/02\/img_20230223_093917-300x225.jpg\" alt=\"\" width=\"300\" height=\"225\" \/> <img loading=\"lazy\" decoding=\"async\" class=\"alignnone size-medium wp-image-8533\" src=\"https:\/\/przedszkole18.edu.wroclaw.pl\/wp-content\/uploads\/sites\/36\/2023\/02\/img_20230223_094007-300x225.jpg\" alt=\"\" width=\"300\" height=\"225\" \/> <img loading=\"lazy\" decoding=\"async\" class=\"alignnone size-medium wp-image-8534\" src=\"https:\/\/przedszkole18.edu.wroclaw.pl\/wp-content\/uploads\/sites\/36\/2023\/02\/img_20230223_094159-300x225.jpg\" alt=\"\" width=\"300\" height=\"225\" \/> <img loading=\"lazy\" decoding=\"async\" class=\"alignnone size-medium wp-image-8535\" src=\"https:\/\/przedszkole18.edu.wroclaw.pl\/wp-content\/uploads\/sites\/36\/2023\/02\/img_20230223_094546-300x225.jpg\" alt=\"\" width=\"300\" height=\"225\" \/> <img loading=\"lazy\" decoding=\"async\" class=\"alignnone size-medium wp-image-8536\" src=\"https:\/\/przedszkole18.edu.wroclaw.pl\/wp-content\/uploads\/sites\/36\/2023\/02\/img_20230223_094647-300x225.jpg\" alt=\"\" width=\"300\" height=\"225\" \/> <img loading=\"lazy\" decoding=\"async\" class=\"alignnone size-medium wp-image-8537\" src=\"https:\/\/przedszkole18.edu.wroclaw.pl\/wp-content\/uploads\/sites\/36\/2023\/02\/img_20230223_094652-300x225.jpg\" alt=\"\" width=\"300\" height=\"225\" \/> <img loading=\"lazy\" decoding=\"async\" class=\"alignnone size-medium wp-image-8538\" src=\"https:\/\/przedszkole18.edu.wroclaw.pl\/wp-content\/uploads\/sites\/36\/2023\/02\/img_20230223_094714-300x225.jpg\" alt=\"\" width=\"300\" height=\"225\" \/> <img loading=\"lazy\" decoding=\"async\" class=\"alignnone size-medium wp-image-8539\" src=\"https:\/\/przedszkole18.edu.wroclaw.pl\/wp-content\/uploads\/sites\/36\/2023\/02\/img_20230223_0947241-300x225.jpg\" alt=\"\" width=\"300\" height=\"225\" \/> <img loading=\"lazy\" decoding=\"async\" class=\"alignnone size-medium wp-image-8541\" src=\"https:\/\/przedszkole18.edu.wroclaw.pl\/wp-content\/uploads\/sites\/36\/2023\/02\/img_20230223_094907-300x225.jpg\" alt=\"\" width=\"300\" height=\"225\" \/> <img loading=\"lazy\" decoding=\"async\" class=\"alignnone size-medium wp-image-8542\" src=\"https:\/\/przedszkole18.edu.wroclaw.pl\/wp-content\/uploads\/sites\/36\/2023\/02\/img_20230223_095229-300x225.jpg\" alt=\"\" width=\"300\" height=\"225\" \/> <img loading=\"lazy\" decoding=\"async\" class=\"alignnone size-medium wp-image-8543\" src=\"https:\/\/przedszkole18.edu.wroclaw.pl\/wp-content\/uploads\/sites\/36\/2023\/02\/img_20230223_095255-300x225.jpg\" alt=\"\" width=\"300\" height=\"225\" \/><img loading=\"lazy\" decoding=\"async\" class=\"alignnone size-medium wp-image-8507\" src=\"https:\/\/przedszkole18.edu.wroclaw.pl\/wp-content\/uploads\/sites\/36\/2023\/02\/IMG_20230223_0948570-1-300x218.jpg\" alt=\"\" width=\"300\" height=\"218\" \/><img loading=\"lazy\" decoding=\"async\" class=\"alignnone size-medium wp-image-8506\" src=\"https:\/\/przedszkole18.edu.wroclaw.pl\/wp-content\/uploads\/sites\/36\/2023\/02\/IMG_20230223_094707-1-300x300.jpg\" alt=\"\" width=\"300\" height=\"300\" \/><img loading=\"lazy\" decoding=\"async\" class=\"alignnone size-medium wp-image-8505\" src=\"https:\/\/przedszkole18.edu.wroclaw.pl\/wp-content\/uploads\/sites\/36\/2023\/02\/IMG_20230223_094700-1-300x300.jpg\" alt=\"\" width=\"300\" height=\"300\" \/><img loading=\"lazy\" decoding=\"async\" class=\"alignnone size-medium wp-image-8504\" src=\"https:\/\/przedszkole18.edu.wroclaw.pl\/wp-content\/uploads\/sites\/36\/2023\/02\/IMG_20230223_093623-10-1-300x249.jpg\" alt=\"\" width=\"300\" height=\"249\" \/><img loading=\"lazy\" decoding=\"async\" class=\"alignnone size-medium wp-image-8503\" src=\"https:\/\/przedszkole18.edu.wroclaw.pl\/wp-content\/uploads\/sites\/36\/2023\/02\/20230223_100737-1-300x176.jpg\" alt=\"\" width=\"300\" height=\"176\" \/><img loading=\"lazy\" decoding=\"async\" class=\"alignnone size-medium wp-image-8501\" src=\"https:\/\/przedszkole18.edu.wroclaw.pl\/wp-content\/uploads\/sites\/36\/2023\/02\/20230222_1240450-1-300x183.jpg\" alt=\"\" width=\"300\" height=\"183\" \/><img loading=\"lazy\" decoding=\"async\" class=\"alignnone size-medium wp-image-8490\" src=\"https:\/\/przedszkole18.edu.wroclaw.pl\/wp-content\/uploads\/sites\/36\/2023\/02\/20230222_140250-300x225.jpg\" alt=\"\" width=\"300\" height=\"225\" \/><img loading=\"lazy\" decoding=\"async\" class=\"alignnone size-medium wp-image-8488\" src=\"https:\/\/przedszkole18.edu.wroclaw.pl\/wp-content\/uploads\/sites\/36\/2023\/02\/20230222_104952-300x225.jpg\" alt=\"\" width=\"300\" height=\"225\" \/><img loading=\"lazy\" decoding=\"async\" class=\"alignnone size-medium wp-image-8487\" src=\"https:\/\/przedszkole18.edu.wroclaw.pl\/wp-content\/uploads\/sites\/36\/2023\/02\/20230222_103530-300x225.jpg\" alt=\"\" width=\"300\" height=\"225\" \/><img loading=\"lazy\" decoding=\"async\" class=\"alignnone size-medium wp-image-8486\" src=\"https:\/\/przedszkole18.edu.wroclaw.pl\/wp-content\/uploads\/sites\/36\/2023\/02\/20230222_094539-300x225.jpg\" alt=\"\" width=\"300\" height=\"225\" \/><img loading=\"lazy\" decoding=\"async\" class=\"alignnone size-medium wp-image-8485\" src=\"https:\/\/przedszkole18.edu.wroclaw.pl\/wp-content\/uploads\/sites\/36\/2023\/02\/20230222_094501-300x225.jpg\" alt=\"\" width=\"300\" height=\"225\" \/><img loading=\"lazy\" decoding=\"async\" class=\"alignnone size-medium wp-image-8484\" src=\"https:\/\/przedszkole18.edu.wroclaw.pl\/wp-content\/uploads\/sites\/36\/2023\/02\/20230222_094204-300x206.jpg\" alt=\"\" width=\"300\" height=\"206\" \/>21 luty, to Mi\u0119dzynarodowy Dzie\u0144 J\u0119zyka Ojczystego. W naszym przedszkolu obchody tego \u015bwi\u0119ta, odby\u0142y si\u0119 22.02 i 23.02.2023, czyli minion\u0105 \u015brod\u0119 i w czwartek. W pierwszym dniu, dzieci z grup IIIa,IV oraz IVa, wraz z logoped\u0105 &#8211; pani\u0105 Ma\u0142gorzat\u0105 Michalska oraz nauczycielem muzyki &#8211; panem Filipem Koz\u0142owskim, poznawa\u0142y polskie przys\u0142owia. W trakcie tych zaj\u0119\u0107, dzieci wykonywa\u0142y prace plastyczne &#8211; wykleja\u0142y\u00a0 obrazki , ozdabia\u0142y drobne elementy, takie jak serduszka, bu\u017aki czy cukiereczki, z kt\u00f3rych p\u00f3\u017aniej stworzy\u0142y wsp\u00f3lne plakaty, ilustruj\u0105ce wybrane przys\u0142owie.<\/p>\n<p>W czwartek dzieci z wszystkich grup spotka\u0142y si\u0119 w du\u017cej sali, aby tam wsp\u00f3lnie \u015bwi\u0119towa\u0107. Spotkanie prowadzi\u0142y nauczyciel muzyki &#8211;\u00a0 pani Marta Mrzyg\u0142\u00f3d &#8211; Chudyk oraz logopeda &#8211; pani Ma\u0142gorzata Michalska. W czasie uroczysto\u015bci, poszczeg\u00f3lne grpy, prezentowa\u0142y przygotowany przez siebie program. Maluszki z pierwszej grupy, przepi\u0119knie zata\u0144czy\u0142y taniec do ludowej piosenki &#8222;Posz\u0142o dziewcz\u0119 po ziele&#8221; . Dzieci z grupy\u00a0 II, przedstawi, w przepi\u0119knych strojach kucharzy, wyrecytowa\u0142y wierszyk oraz zata\u0144czy\u0142y wsp\u00f3lnie taniec z \u0142y\u017ckami. Dzieci z grup IIIa, IV oraz IVa w swoim repertuarze mia\u0142y przygotowane przez siebie wierszyki, z g\u0142osk\u0105 \/sz\/ oraz prezentacj\u0119\u00a0 uprzednio przygotowanych plakat\u00f3w.<\/p>\n<p>W trakcie wsp\u00f3lnego \u015bwi\u0119towania, wszyscy \u015bwietnie si\u0119 bawili, a co najwa\u017cniejsze, ka\u017cde z dzieci obecnych w tych dniach w przedszkolu, mia\u0142o okazje odegra\u0107 w tych obchodach swoj\u0105 wa\u017cn\u0105 rol\u0119.<\/p>\n<p>Dzi\u0119kujemy Pa\u0144stwu za pomoc i wsparcie, w przygotowaniu dzieci do wyst\u0119p\u00f3w.<\/p>\n<p>Logopeda Ma\u0142gorzata Michalska<\/p>\n","protected":false},"excerpt":{"rendered":"<p>21 luty, to Mi\u0119dzynarodowy Dzie\u0144 J\u0119zyka Ojczystego. W naszym przedszkolu obchody tego \u015bwi\u0119ta, odby\u0142y si\u0119 22.02 i 23.02.2023, czyli minion\u0105 \u015brod\u0119 i w czwartek. W pierwszym dniu, dzieci z grup [&hellip;]<\/p>\n","protected":false},"author":119,"featured_media":0,"comment_status":"closed","ping_status":"closed","sticky":false,"template":"","format":"standard","meta":{"ngg_post_thumbnail":0,"footnotes":""},"categories":[3],"tags":[],"class_list":["post-8480","post","type-post","status-publish","format-standard","hentry","category-aktualnosci","clearfix"],"_links":{"self":[{"href":"https:\/\/przedszkole18.edu.wroclaw.pl\/index.php\/wp-json\/wp\/v2\/posts\/8480","targetHints":{"allow":["GET"]}}],"collection":[{"href":"https:\/\/przedszkole18.edu.wroclaw.pl\/index.php\/wp-json\/wp\/v2\/posts"}],"about":[{"href":"https:\/\/przedszkole18.edu.wroclaw.pl\/index.php\/wp-json\/wp\/v2\/types\/post"}],"author":[{"embeddable":true,"href":"https:\/\/przedszkole18.edu.wroclaw.pl\/index.php\/wp-json\/wp\/v2\/users\/119"}],"replies":[{"embeddable":true,"href":"https:\/\/przedszkole18.edu.wroclaw.pl\/index.php\/wp-json\/wp\/v2\/comments?post=8480"}],"version-history":[{"count":5,"href":"https:\/\/przedszkole18.edu.wroclaw.pl\/index.php\/wp-json\/wp\/v2\/posts\/8480\/revisions"}],"predecessor-version":[{"id":8545,"href":"https:\/\/przedszkole18.edu.wroclaw.pl\/index.php\/wp-json\/wp\/v2\/posts\/8480\/revisions\/8545"}],"wp:attachment":[{"href":"https:\/\/przedszkole18.edu.wroclaw.pl\/index.php\/wp-json\/wp\/v2\/media?parent=8480"}],"wp:term":[{"taxonomy":"category","embeddable":true,"href":"https:\/\/przedszkole18.edu.wroclaw.pl\/index.php\/wp-json\/wp\/v2\/categories?post=8480"},{"taxonomy":"post_tag","embeddable":true,"href":"https:\/\/przedszkole18.edu.wroclaw.pl\/index.php\/wp-json\/wp\/v2\/tags?post=8480"}],"curies":[{"name":"wp","href":"https:\/\/api.w.org\/{rel}","templated":true}]}}