
{"id":8566,"date":"2023-03-02T17:18:13","date_gmt":"2023-03-02T16:18:13","guid":{"rendered":"https:\/\/przedszkole18.edu.wroclaw.pl\/?p=8566"},"modified":"2023-03-02T17:19:27","modified_gmt":"2023-03-02T16:19:27","slug":"rekrutacja-do-przedszkoli-i-szkoly-podstawowej","status":"publish","type":"post","link":"https:\/\/przedszkole18.edu.wroclaw.pl\/index.php\/2023\/03\/02\/rekrutacja-do-przedszkoli-i-szkoly-podstawowej\/","title":{"rendered":"REKRUTACJA DO PRZEDSZKOLI I SZK\u00d3\u0141 PODSTAWOWYCH."},"content":{"rendered":"<p>Szanowni Pa\u0144stwo!<\/p>\n<p>Przesy\u0142am pierwsze informacj\u0119 dotycz\u0105ce rekrutacji do przedszkoli i szko\u0142y podstawowej. Zach\u0119cam do przeczytania tak\u017ce informacji w biuletynie miasta link <a href=\"https:\/\/www.wroclaw.pl\/prezydent-wroclawia\/files\/dokumenty\/285910\/wroclaw-pl-Nr-121-2023.pdf\">https:\/\/www.wroclaw.pl\/prezydent-wroclawia\/files\/dokumenty\/285910\/wroclaw-pl-Nr-121-2023.pdf<\/a><\/p>\n<p><img loading=\"lazy\" decoding=\"async\" class=\"alignnone size-medium wp-image-8564\" src=\"https:\/\/przedszkole18.edu.wroclaw.pl\/wp-content\/uploads\/sites\/36\/2023\/03\/ARAW-gazeta-wroclaw_pl-Nr8-121-2023-243x300.jpg\" alt=\"\" width=\"243\" height=\"300\" \/><img loading=\"lazy\" decoding=\"async\" class=\"alignnone size-medium wp-image-8563\" src=\"https:\/\/przedszkole18.edu.wroclaw.pl\/wp-content\/uploads\/sites\/36\/2023\/03\/srodek_10-11_ARAW-gazeta-wroclaw_pl-Nr8-121-2023-300x185.jpg\" alt=\"\" width=\"300\" height=\"185\" \/><img loading=\"lazy\" decoding=\"async\" class=\"alignnone size-medium wp-image-8565\" src=\"https:\/\/przedszkole18.edu.wroclaw.pl\/wp-content\/uploads\/sites\/36\/2023\/03\/ARAW-gazeta-wroclaw_pl-Nr8-121-20234-243x300.jpg\" alt=\"\" width=\"243\" height=\"300\" \/><\/p>\n<p>&nbsp;<\/p>\n","protected":false},"excerpt":{"rendered":"<p>Szanowni Pa\u0144stwo! Przesy\u0142am pierwsze informacj\u0119 dotycz\u0105ce rekrutacji do przedszkoli i szko\u0142y podstawowej. Zach\u0119cam do przeczytania tak\u017ce informacji w biuletynie miasta link https:\/\/www.wroclaw.pl\/prezydent-wroclawia\/files\/dokumenty\/285910\/wroclaw-pl-Nr-121-2023.pdf &nbsp;<\/p>\n","protected":false},"author":115,"featured_media":0,"comment_status":"closed","ping_status":"closed","sticky":false,"template":"","format":"standard","meta":{"ngg_post_thumbnail":0,"footnotes":""},"categories":[3],"tags":[],"class_list":["post-8566","post","type-post","status-publish","format-standard","hentry","category-aktualnosci","clearfix"],"_links":{"self":[{"href":"https:\/\/przedszkole18.edu.wroclaw.pl\/index.php\/wp-json\/wp\/v2\/posts\/8566","targetHints":{"allow":["GET"]}}],"collection":[{"href":"https:\/\/przedszkole18.edu.wroclaw.pl\/index.php\/wp-json\/wp\/v2\/posts"}],"about":[{"href":"https:\/\/przedszkole18.edu.wroclaw.pl\/index.php\/wp-json\/wp\/v2\/types\/post"}],"author":[{"embeddable":true,"href":"https:\/\/przedszkole18.edu.wroclaw.pl\/index.php\/wp-json\/wp\/v2\/users\/115"}],"replies":[{"embeddable":true,"href":"https:\/\/przedszkole18.edu.wroclaw.pl\/index.php\/wp-json\/wp\/v2\/comments?post=8566"}],"version-history":[{"count":2,"href":"https:\/\/przedszkole18.edu.wroclaw.pl\/index.php\/wp-json\/wp\/v2\/posts\/8566\/revisions"}],"predecessor-version":[{"id":8568,"href":"https:\/\/przedszkole18.edu.wroclaw.pl\/index.php\/wp-json\/wp\/v2\/posts\/8566\/revisions\/8568"}],"wp:attachment":[{"href":"https:\/\/przedszkole18.edu.wroclaw.pl\/index.php\/wp-json\/wp\/v2\/media?parent=8566"}],"wp:term":[{"taxonomy":"category","embeddable":true,"href":"https:\/\/przedszkole18.edu.wroclaw.pl\/index.php\/wp-json\/wp\/v2\/categories?post=8566"},{"taxonomy":"post_tag","embeddable":true,"href":"https:\/\/przedszkole18.edu.wroclaw.pl\/index.php\/wp-json\/wp\/v2\/tags?post=8566"}],"curies":[{"name":"wp","href":"https:\/\/api.w.org\/{rel}","templated":true}]}}