
{"id":861,"date":"2020-03-20T21:46:15","date_gmt":"2020-03-20T20:46:15","guid":{"rendered":"https:\/\/przedszkole18.edu.wroclaw.pl\/?p=861"},"modified":"2020-03-20T21:46:15","modified_gmt":"2020-03-20T20:46:15","slug":"konkurs-plastyczny","status":"publish","type":"post","link":"https:\/\/przedszkole18.edu.wroclaw.pl\/index.php\/2020\/03\/20\/konkurs-plastyczny\/","title":{"rendered":"KONKURS PLASTYCZNY"},"content":{"rendered":"<p>Serdecznie zach\u0119camy wszystkie dzieci do udzia\u0142u w wojew\u00f3dzkim konkursie plastycznym pt. &#8222;Zmiany klimatu&#8221;\u00a0 organizowanym przez Lig\u0119 Ochrony Przyrody.<\/p>\n<p>Prace mog\u0105 by\u0107 wykonane dowoln\u0105 technik\u0105, w formacie A4; nie mog\u0105 by\u0107 przestrzenne, ani wykonane z u\u017cyciem szk\u0142a, materia\u0142\u00f3w sypkich, t\u0142ustych.<\/p>\n<p>Prace nale\u017cy dostarczy\u0107 Pani Dorotce z grupy IVa (opiekun przedszkolnego ko\u0142a LOP) po powrocie do przedszkola. Serdecznie zapraszamy do efektywnego wykorzystania czasu sp\u0119dzonego w domu i radosnej tw\u00f3rczo\u015bci.<\/p>\n<p>&nbsp;<\/p>\n<p>&nbsp;<\/p>\n","protected":false},"excerpt":{"rendered":"<p>Serdecznie zach\u0119camy wszystkie dzieci do udzia\u0142u w wojew\u00f3dzkim konkursie plastycznym pt. &#8222;Zmiany klimatu&#8221;\u00a0 organizowanym przez Lig\u0119 Ochrony Przyrody. Prace mog\u0105 by\u0107 wykonane dowoln\u0105 technik\u0105, w formacie A4; nie mog\u0105 by\u0107 [&hellip;]<\/p>\n","protected":false},"author":108,"featured_media":832,"comment_status":"closed","ping_status":"closed","sticky":false,"template":"","format":"standard","meta":{"ngg_post_thumbnail":0,"footnotes":""},"categories":[3],"tags":[],"class_list":["post-861","post","type-post","status-publish","format-standard","has-post-thumbnail","hentry","category-aktualnosci","clearfix"],"_links":{"self":[{"href":"https:\/\/przedszkole18.edu.wroclaw.pl\/index.php\/wp-json\/wp\/v2\/posts\/861","targetHints":{"allow":["GET"]}}],"collection":[{"href":"https:\/\/przedszkole18.edu.wroclaw.pl\/index.php\/wp-json\/wp\/v2\/posts"}],"about":[{"href":"https:\/\/przedszkole18.edu.wroclaw.pl\/index.php\/wp-json\/wp\/v2\/types\/post"}],"author":[{"embeddable":true,"href":"https:\/\/przedszkole18.edu.wroclaw.pl\/index.php\/wp-json\/wp\/v2\/users\/108"}],"replies":[{"embeddable":true,"href":"https:\/\/przedszkole18.edu.wroclaw.pl\/index.php\/wp-json\/wp\/v2\/comments?post=861"}],"version-history":[{"count":1,"href":"https:\/\/przedszkole18.edu.wroclaw.pl\/index.php\/wp-json\/wp\/v2\/posts\/861\/revisions"}],"predecessor-version":[{"id":862,"href":"https:\/\/przedszkole18.edu.wroclaw.pl\/index.php\/wp-json\/wp\/v2\/posts\/861\/revisions\/862"}],"wp:featuredmedia":[{"embeddable":true,"href":"https:\/\/przedszkole18.edu.wroclaw.pl\/index.php\/wp-json\/wp\/v2\/media\/832"}],"wp:attachment":[{"href":"https:\/\/przedszkole18.edu.wroclaw.pl\/index.php\/wp-json\/wp\/v2\/media?parent=861"}],"wp:term":[{"taxonomy":"category","embeddable":true,"href":"https:\/\/przedszkole18.edu.wroclaw.pl\/index.php\/wp-json\/wp\/v2\/categories?post=861"},{"taxonomy":"post_tag","embeddable":true,"href":"https:\/\/przedszkole18.edu.wroclaw.pl\/index.php\/wp-json\/wp\/v2\/tags?post=861"}],"curies":[{"name":"wp","href":"https:\/\/api.w.org\/{rel}","templated":true}]}}