
{"id":8612,"date":"2023-03-09T11:58:50","date_gmt":"2023-03-09T10:58:50","guid":{"rendered":"https:\/\/przedszkole18.edu.wroclaw.pl\/?p=8612"},"modified":"2023-03-13T14:50:58","modified_gmt":"2023-03-13T13:50:58","slug":"nowy-rok-szkolny-2","status":"publish","type":"post","link":"https:\/\/przedszkole18.edu.wroclaw.pl\/index.php\/2023\/03\/09\/nowy-rok-szkolny-2\/","title":{"rendered":"Nowy rok szkolny!"},"content":{"rendered":"<p><span style=\"color: #000080\"><strong><span style=\"font-size: 14pt\">Szanowni Pa\u0144stwo.<\/span><\/strong><\/span><\/p>\n<p><span style=\"color: #000080\"><strong><span style=\"font-size: 14pt\">Zgodnie z procedur\u0105 dotycz\u0105c\u0105 kontynuacji wychowania przedszkolnego, prosz\u0119 o zapoznanie si\u0119 z dokumentem umieszczonym w holu przedszkola. <span style=\"color: #ff0000\">Deklaracja o kontynuacji wychowania przedszkolnego<\/span> . Podpisany dokument zostawiamy w skrzynce do 14 marca. Rodzice, kt\u00f3rzy rezygnuj\u0105 z przedszkola\u00a0 wype\u0142niaj\u0105 deklaracj\u0119 wpisuj\u0105c przed s\u0142owem\u00a0 deklaruje ,\u00a0<span style=\"color: #ff0000\"> NIE DEKLARUJ\u0118.<\/span> <\/span><\/strong><\/span><\/p>\n<p><a href=\"https:\/\/przedszkole18.edu.wroclaw.pl\/wp-content\/uploads\/sites\/36\/2023\/03\/DEKLARACJA-O-KONTYNUOWANIU-WYCHOWANIA-PRZEDSZKOLNEGO-P-1-1.doc\">DEKLARACJA O KONTYNUOWANIU WYCHOWANIA PRZEDSZKOLNEGO P (1) (1)<\/a><\/p>\n<p><span style=\"color: #000080\"><strong><span style=\"font-size: 14pt\">Z uwagi ze zbli\u017caj\u0105c\u0105 si\u0119 rekrutacj\u0105 na nowy rok szkolny,\u00a0 prosz\u0119 o przestrzeganie termin\u00f3w. <span style=\"font-size: 12pt;color: #666699\">Pozdrawiam Lidia Walczak-I\u017cycka dyrektor plac\u00f3wki. \u00a0<\/span><\/span> <\/strong><\/span><\/p>\n","protected":false},"excerpt":{"rendered":"<p>Szanowni Pa\u0144stwo. Zgodnie z procedur\u0105 dotycz\u0105c\u0105 kontynuacji wychowania przedszkolnego, prosz\u0119 o zapoznanie si\u0119 z dokumentem umieszczonym w holu przedszkola. Deklaracja o kontynuacji wychowania przedszkolnego . Podpisany dokument zostawiamy w skrzynce [&hellip;]<\/p>\n","protected":false},"author":115,"featured_media":8040,"comment_status":"closed","ping_status":"closed","sticky":false,"template":"","format":"standard","meta":{"ngg_post_thumbnail":0,"footnotes":""},"categories":[3],"tags":[],"class_list":["post-8612","post","type-post","status-publish","format-standard","has-post-thumbnail","hentry","category-aktualnosci","clearfix"],"_links":{"self":[{"href":"https:\/\/przedszkole18.edu.wroclaw.pl\/index.php\/wp-json\/wp\/v2\/posts\/8612","targetHints":{"allow":["GET"]}}],"collection":[{"href":"https:\/\/przedszkole18.edu.wroclaw.pl\/index.php\/wp-json\/wp\/v2\/posts"}],"about":[{"href":"https:\/\/przedszkole18.edu.wroclaw.pl\/index.php\/wp-json\/wp\/v2\/types\/post"}],"author":[{"embeddable":true,"href":"https:\/\/przedszkole18.edu.wroclaw.pl\/index.php\/wp-json\/wp\/v2\/users\/115"}],"replies":[{"embeddable":true,"href":"https:\/\/przedszkole18.edu.wroclaw.pl\/index.php\/wp-json\/wp\/v2\/comments?post=8612"}],"version-history":[{"count":2,"href":"https:\/\/przedszkole18.edu.wroclaw.pl\/index.php\/wp-json\/wp\/v2\/posts\/8612\/revisions"}],"predecessor-version":[{"id":8649,"href":"https:\/\/przedszkole18.edu.wroclaw.pl\/index.php\/wp-json\/wp\/v2\/posts\/8612\/revisions\/8649"}],"wp:featuredmedia":[{"embeddable":true,"href":"https:\/\/przedszkole18.edu.wroclaw.pl\/index.php\/wp-json\/wp\/v2\/media\/8040"}],"wp:attachment":[{"href":"https:\/\/przedszkole18.edu.wroclaw.pl\/index.php\/wp-json\/wp\/v2\/media?parent=8612"}],"wp:term":[{"taxonomy":"category","embeddable":true,"href":"https:\/\/przedszkole18.edu.wroclaw.pl\/index.php\/wp-json\/wp\/v2\/categories?post=8612"},{"taxonomy":"post_tag","embeddable":true,"href":"https:\/\/przedszkole18.edu.wroclaw.pl\/index.php\/wp-json\/wp\/v2\/tags?post=8612"}],"curies":[{"name":"wp","href":"https:\/\/api.w.org\/{rel}","templated":true}]}}