
{"id":8620,"date":"2023-03-10T17:51:37","date_gmt":"2023-03-10T16:51:37","guid":{"rendered":"https:\/\/przedszkole18.edu.wroclaw.pl\/?p=8620"},"modified":"2023-03-10T17:51:37","modified_gmt":"2023-03-10T16:51:37","slug":"dzien-otwarty-w-wiolinku","status":"publish","type":"post","link":"https:\/\/przedszkole18.edu.wroclaw.pl\/index.php\/2023\/03\/10\/dzien-otwarty-w-wiolinku\/","title":{"rendered":"Dzie\u0144 otwarty w &#8222;Wiolinku&#8221;"},"content":{"rendered":"<p style=\"text-align: center\"><span style=\"color: #008000;font-size: 14pt\">ZAPRASZA WSZYSTKICH PRZYSZ\u0141YCH PRZEDSZKOLAK\u00d3W WRAZ Z RODZICAMI\u00a0 <\/span><span style=\"color: #008000;font-size: 14pt\">NA DZIE\u0143 OTWARTY\u00a0 <\/span><\/p>\n<p style=\"text-align: center\"><span style=\"color: #ff6600;font-size: 14pt\"><strong>16 MARCA 2023 ROKU W GODZINACH 17.30 -18.30.<\/strong><\/span><\/p>\n<p style=\"text-align: center\"><span style=\"font-size: 14pt;color: #008000\">PROSZ\u0118 PRZYNIE\u015a\u0106\u00a0 DLA DZIECI ZMIENNE OBUWIE <\/span><\/p>\n<p style=\"text-align: center\"><span style=\"font-size: 14pt;color: #008000\">W PLANIE ZABAWY PLASTYCZNE, \u00a0 TROCH\u0118 MUZYKI ORAZ ROZMOWA O REKRUTACJI I NASZEJ CODZIENNEJ PRACY . <\/span><\/p>\n<p style=\"text-align: center\"><span style=\"color: #000080\">Pozdrawiam i zapraszam dyrektor plac\u00f3wki wraz z pracownikami.<\/span><\/p>\n<p style=\"text-align: center\">\n","protected":false},"excerpt":{"rendered":"<p>ZAPRASZA WSZYSTKICH PRZYSZ\u0141YCH PRZEDSZKOLAK\u00d3W WRAZ Z RODZICAMI\u00a0 NA DZIE\u0143 OTWARTY\u00a0 16 MARCA 2023 ROKU W GODZINACH 17.30 -18.30. PROSZ\u0118 PRZYNIE\u015a\u0106\u00a0 DLA DZIECI ZMIENNE OBUWIE W PLANIE ZABAWY PLASTYCZNE, \u00a0 TROCH\u0118 [&hellip;]<\/p>\n","protected":false},"author":115,"featured_media":0,"comment_status":"closed","ping_status":"closed","sticky":false,"template":"","format":"standard","meta":{"ngg_post_thumbnail":0,"footnotes":""},"categories":[3],"tags":[],"class_list":["post-8620","post","type-post","status-publish","format-standard","hentry","category-aktualnosci","clearfix"],"_links":{"self":[{"href":"https:\/\/przedszkole18.edu.wroclaw.pl\/index.php\/wp-json\/wp\/v2\/posts\/8620","targetHints":{"allow":["GET"]}}],"collection":[{"href":"https:\/\/przedszkole18.edu.wroclaw.pl\/index.php\/wp-json\/wp\/v2\/posts"}],"about":[{"href":"https:\/\/przedszkole18.edu.wroclaw.pl\/index.php\/wp-json\/wp\/v2\/types\/post"}],"author":[{"embeddable":true,"href":"https:\/\/przedszkole18.edu.wroclaw.pl\/index.php\/wp-json\/wp\/v2\/users\/115"}],"replies":[{"embeddable":true,"href":"https:\/\/przedszkole18.edu.wroclaw.pl\/index.php\/wp-json\/wp\/v2\/comments?post=8620"}],"version-history":[{"count":1,"href":"https:\/\/przedszkole18.edu.wroclaw.pl\/index.php\/wp-json\/wp\/v2\/posts\/8620\/revisions"}],"predecessor-version":[{"id":8621,"href":"https:\/\/przedszkole18.edu.wroclaw.pl\/index.php\/wp-json\/wp\/v2\/posts\/8620\/revisions\/8621"}],"wp:attachment":[{"href":"https:\/\/przedszkole18.edu.wroclaw.pl\/index.php\/wp-json\/wp\/v2\/media?parent=8620"}],"wp:term":[{"taxonomy":"category","embeddable":true,"href":"https:\/\/przedszkole18.edu.wroclaw.pl\/index.php\/wp-json\/wp\/v2\/categories?post=8620"},{"taxonomy":"post_tag","embeddable":true,"href":"https:\/\/przedszkole18.edu.wroclaw.pl\/index.php\/wp-json\/wp\/v2\/tags?post=8620"}],"curies":[{"name":"wp","href":"https:\/\/api.w.org\/{rel}","templated":true}]}}