
{"id":8624,"date":"2023-03-12T13:15:23","date_gmt":"2023-03-12T12:15:23","guid":{"rendered":"https:\/\/przedszkole18.edu.wroclaw.pl\/?p=8624"},"modified":"2023-03-12T13:15:23","modified_gmt":"2023-03-12T12:15:23","slug":"konkurs-eko-marzanna","status":"publish","type":"post","link":"https:\/\/przedszkole18.edu.wroclaw.pl\/index.php\/2023\/03\/12\/konkurs-eko-marzanna\/","title":{"rendered":"KONKURS: EKO- MARZANNA"},"content":{"rendered":"<p><strong>REGULAMIN KONKURSU: \u201eEKOLOGICZNA MARZANNA\u201d<\/strong><\/p>\n<p>SERDECZNIE ZAPRASZAMY\u00a0 DO UDZIA\u0141U W PRZEDSZKOLNYM KONKURSIE PT. \u201eEKOLOGICZNA MARZANNA\u201d.<\/p>\n<p>PRACE POWINNY BY\u0106 WYKONANE G\u0141\u00d3WNIE Z ODPAD\u00d3W NADAJ\u0104CYCH SI\u0118 DO RECYKLINGU, TZW. SUROWC\u00d3W WT\u00d3RNYCH. W KONKURSIE BIOR\u0104 UDZIA\u0141 TYLKO PRACE PRZESTRZENNE.<\/p>\n<p><strong>Cele konkursu:<\/strong><\/p>\n<ol>\n<li>Przybli\u017cenie wiadomo\u015bci o marzannie jako symbolu wierze\u0144 ludowych.<\/li>\n<li>Kreowanie wyobra\u017ani dzieci w odniesieniu do wykorzystania odpad\u00f3w pochodz\u0105cych z gospodarstw domowych ( gazety, butelki, puszki etc.)<\/li>\n<li>U\u015bwiadamianie dzieciom od najm\u0142odszych lat, \u017ce niekt\u00f3re odpady mo\u017cna ponownie wykorzystywa\u0107 i robi\u0107 z nich nowe rzeczy.<\/li>\n<li>Propagowanie recyklingu, jako mo\u017cliwo\u015bci pozyskiwania r\u00f3\u017cnorodnych materia\u0142\u00f3w do tworzenia ciekawych, barwnych i niezwyk\u0142ych form przestrzennych.<\/li>\n<li>Rozpowszechnianie wiedzy odno\u015bnie pozyskiwania surowc\u00f3w wt\u00f3rnych i p\u00f3\u017aniejszego ich wykorzystania.<\/li>\n<\/ol>\n<p>&nbsp;<\/p>\n<p><strong>Regulamin :<\/strong><\/p>\n<ol>\n<li>W konkursie bior\u0105 udzia\u0142 tylko prace przestrzenne. Nie jest konieczne umieszczanie marzanny na kiju.<\/li>\n<li>Maksymalny wymiar marzanny -1m x 1m x 1m. Prace powinny by\u0107 wykonane g\u0142\u00f3wnie z odpad\u00f3w nadaj\u0105cych si\u0119 do recyklingu, tzw. surowc\u00f3w wt\u00f3rnych.<\/li>\n<li>Do ka\u017cdej pracy nale\u017cy do\u0142\u0105czy\u0107 wizyt\u00f3wk\u0119 zawieraj\u0105c\u0105: imi\u0119, nazwisko dziecka oraz grup\u0119, do kt\u00f3rej ucz\u0119szcza dziecko.<\/li>\n<li>Ka\u017cda praca mo\u017ce mie\u0107 tylko jednego autora \u2013 w konkursie nie mog\u0105 bra\u0107 udzia\u0142u prace zbiorowe.<\/li>\n<li>Prace niezgodne z regulaminem nie b\u0119d\u0105 brane pod uwag\u0119.<\/li>\n<li>Organizatorzy przewiduj\u0105 dla zwyci\u0119zc\u00f3w konkursu dyplomy.<\/li>\n<li>\u00a0Wszystkie prace b\u0119dzie mo\u017cna ogl\u0105da\u0107 na werandzie przedszkola.<\/li>\n<li>Prace konkursowe staj\u0105 si\u0119 w\u0142asno\u015bci\u0105 organizator\u00f3w.<\/li>\n<li>Prace nale\u017cy DOSTARCZY\u0106 <strong>do 20.03.23 r<\/strong>. osobi\u015bcie do wychowawcy \u00a0grupy .\u00a0\u00a0\u00a0\u00a0 Rozstrzygni\u0119cie konkursu odb\u0119dzie si\u0119 21.03.2023 r.<\/li>\n<\/ol>\n<p>&nbsp;<\/p>\n<p>Organizatorzy konkursu:<\/p>\n<p>Dorota Margan, Katarzyna M\u0105czka<\/p>\n","protected":false},"excerpt":{"rendered":"<p>REGULAMIN KONKURSU: \u201eEKOLOGICZNA MARZANNA\u201d SERDECZNIE ZAPRASZAMY\u00a0 DO UDZIA\u0141U W PRZEDSZKOLNYM KONKURSIE PT. \u201eEKOLOGICZNA MARZANNA\u201d. PRACE POWINNY BY\u0106 WYKONANE G\u0141\u00d3WNIE Z ODPAD\u00d3W NADAJ\u0104CYCH SI\u0118 DO RECYKLINGU, TZW. SUROWC\u00d3W WT\u00d3RNYCH. W KONKURSIE [&hellip;]<\/p>\n","protected":false},"author":112,"featured_media":0,"comment_status":"closed","ping_status":"closed","sticky":false,"template":"","format":"standard","meta":{"ngg_post_thumbnail":0,"footnotes":""},"categories":[3],"tags":[],"class_list":["post-8624","post","type-post","status-publish","format-standard","hentry","category-aktualnosci","clearfix"],"_links":{"self":[{"href":"https:\/\/przedszkole18.edu.wroclaw.pl\/index.php\/wp-json\/wp\/v2\/posts\/8624","targetHints":{"allow":["GET"]}}],"collection":[{"href":"https:\/\/przedszkole18.edu.wroclaw.pl\/index.php\/wp-json\/wp\/v2\/posts"}],"about":[{"href":"https:\/\/przedszkole18.edu.wroclaw.pl\/index.php\/wp-json\/wp\/v2\/types\/post"}],"author":[{"embeddable":true,"href":"https:\/\/przedszkole18.edu.wroclaw.pl\/index.php\/wp-json\/wp\/v2\/users\/112"}],"replies":[{"embeddable":true,"href":"https:\/\/przedszkole18.edu.wroclaw.pl\/index.php\/wp-json\/wp\/v2\/comments?post=8624"}],"version-history":[{"count":2,"href":"https:\/\/przedszkole18.edu.wroclaw.pl\/index.php\/wp-json\/wp\/v2\/posts\/8624\/revisions"}],"predecessor-version":[{"id":8628,"href":"https:\/\/przedszkole18.edu.wroclaw.pl\/index.php\/wp-json\/wp\/v2\/posts\/8624\/revisions\/8628"}],"wp:attachment":[{"href":"https:\/\/przedszkole18.edu.wroclaw.pl\/index.php\/wp-json\/wp\/v2\/media?parent=8624"}],"wp:term":[{"taxonomy":"category","embeddable":true,"href":"https:\/\/przedszkole18.edu.wroclaw.pl\/index.php\/wp-json\/wp\/v2\/categories?post=8624"},{"taxonomy":"post_tag","embeddable":true,"href":"https:\/\/przedszkole18.edu.wroclaw.pl\/index.php\/wp-json\/wp\/v2\/tags?post=8624"}],"curies":[{"name":"wp","href":"https:\/\/api.w.org\/{rel}","templated":true}]}}