
{"id":8695,"date":"2023-03-20T18:00:23","date_gmt":"2023-03-20T17:00:23","guid":{"rendered":"https:\/\/przedszkole18.edu.wroclaw.pl\/?p=8695"},"modified":"2023-03-20T18:00:23","modified_gmt":"2023-03-20T17:00:23","slug":"wazne-26","status":"publish","type":"post","link":"https:\/\/przedszkole18.edu.wroclaw.pl\/index.php\/2023\/03\/20\/wazne-26\/","title":{"rendered":"Wa\u017cne!"},"content":{"rendered":"<p><span style=\"font-size: 14pt;color: #003300\"><strong>Szanowni Pa\u0144stwo!<\/strong><\/span><\/p>\n<p><span style=\"color: #008000\"><em><span style=\"font-size: 14pt\">Dostaj\u0119 informacj\u0119 od rodzic\u00f3w o zachorowaniach na szkarlatyn\u0119 i osp\u0119. Niestety personel przedszkola tak\u017ce choruje, co nie u\u0142atwia pracy.\u00a0\u00a0 Bardzo prosz\u0119 obserwowa\u0107 dzieci i informowa\u0107 w przypadku innych niepokoj\u0105cych\u00a0 objaw\u00f3w. Do plac\u00f3wki przyprowadzamy\u00a0 tylko zdrowe dzieci, bardzo prosz\u0119 tak\u017ce\u00a0 o przestrzeganie zapis\u00f3w,\u00a0 dotycz\u0105cych przyprowadzania dzieci,\u00a0 do godziny 8.30\u00a0\u00a0 <span style=\"color: #666699;font-size: 12pt\">Pozdrawiam i \u017cycz\u0119 zdrowia. Dyrektor plac\u00f3wki.<\/span><\/span> <\/em><\/span><\/p>\n","protected":false},"excerpt":{"rendered":"<p>Szanowni Pa\u0144stwo! Dostaj\u0119 informacj\u0119 od rodzic\u00f3w o zachorowaniach na szkarlatyn\u0119 i osp\u0119. Niestety personel przedszkola tak\u017ce choruje, co nie u\u0142atwia pracy.\u00a0\u00a0 Bardzo prosz\u0119 obserwowa\u0107 dzieci i informowa\u0107 w przypadku innych [&hellip;]<\/p>\n","protected":false},"author":115,"featured_media":0,"comment_status":"closed","ping_status":"closed","sticky":false,"template":"","format":"standard","meta":{"ngg_post_thumbnail":0,"footnotes":""},"categories":[3],"tags":[],"class_list":["post-8695","post","type-post","status-publish","format-standard","hentry","category-aktualnosci","clearfix"],"_links":{"self":[{"href":"https:\/\/przedszkole18.edu.wroclaw.pl\/index.php\/wp-json\/wp\/v2\/posts\/8695","targetHints":{"allow":["GET"]}}],"collection":[{"href":"https:\/\/przedszkole18.edu.wroclaw.pl\/index.php\/wp-json\/wp\/v2\/posts"}],"about":[{"href":"https:\/\/przedszkole18.edu.wroclaw.pl\/index.php\/wp-json\/wp\/v2\/types\/post"}],"author":[{"embeddable":true,"href":"https:\/\/przedszkole18.edu.wroclaw.pl\/index.php\/wp-json\/wp\/v2\/users\/115"}],"replies":[{"embeddable":true,"href":"https:\/\/przedszkole18.edu.wroclaw.pl\/index.php\/wp-json\/wp\/v2\/comments?post=8695"}],"version-history":[{"count":1,"href":"https:\/\/przedszkole18.edu.wroclaw.pl\/index.php\/wp-json\/wp\/v2\/posts\/8695\/revisions"}],"predecessor-version":[{"id":8696,"href":"https:\/\/przedszkole18.edu.wroclaw.pl\/index.php\/wp-json\/wp\/v2\/posts\/8695\/revisions\/8696"}],"wp:attachment":[{"href":"https:\/\/przedszkole18.edu.wroclaw.pl\/index.php\/wp-json\/wp\/v2\/media?parent=8695"}],"wp:term":[{"taxonomy":"category","embeddable":true,"href":"https:\/\/przedszkole18.edu.wroclaw.pl\/index.php\/wp-json\/wp\/v2\/categories?post=8695"},{"taxonomy":"post_tag","embeddable":true,"href":"https:\/\/przedszkole18.edu.wroclaw.pl\/index.php\/wp-json\/wp\/v2\/tags?post=8695"}],"curies":[{"name":"wp","href":"https:\/\/api.w.org\/{rel}","templated":true}]}}