
{"id":8699,"date":"2023-03-20T21:16:51","date_gmt":"2023-03-20T20:16:51","guid":{"rendered":"https:\/\/przedszkole18.edu.wroclaw.pl\/?p=8699"},"modified":"2023-03-20T21:18:59","modified_gmt":"2023-03-20T20:18:59","slug":"rekrutacja-do-szkol-muzycznych-2","status":"publish","type":"post","link":"https:\/\/przedszkole18.edu.wroclaw.pl\/index.php\/2023\/03\/20\/rekrutacja-do-szkol-muzycznych-2\/","title":{"rendered":"Rekrutacja do szk\u00f3\u0142 muzycznych"},"content":{"rendered":"<p>Szanowni Pa\u0144stwo,<\/p>\n<p>w zak\u0142adce &#8222;Dzia\u0142ania muzyczne&#8221;:\u00a0<a href=\"https:\/\/przedszkole18.edu.wroclaw.pl\/index.php\/dzialania-muzyczne\/\">https:\/\/przedszkole18.edu.wroclaw.pl\/index.php\/dzialania-muzyczne\/<\/a> zamie\u015bcili\u015bmy aktualne informacje, dotycz\u0105ce rekrutacji do wroc\u0142awskich szk\u00f3\u0142 muzycznych.<\/p>\n<p>&nbsp;<\/p>\n<p style=\"text-align: right\">Nauczyciele muzyki<\/p>\n","protected":false},"excerpt":{"rendered":"<p>Szanowni Pa\u0144stwo, w zak\u0142adce &#8222;Dzia\u0142ania muzyczne&#8221;:\u00a0https:\/\/przedszkole18.edu.wroclaw.pl\/index.php\/dzialania-muzyczne\/ zamie\u015bcili\u015bmy aktualne informacje, dotycz\u0105ce rekrutacji do wroc\u0142awskich szk\u00f3\u0142 muzycznych. &nbsp; Nauczyciele muzyki<\/p>\n","protected":false},"author":105,"featured_media":2411,"comment_status":"closed","ping_status":"closed","sticky":false,"template":"","format":"standard","meta":{"ngg_post_thumbnail":0,"footnotes":""},"categories":[3],"tags":[],"class_list":["post-8699","post","type-post","status-publish","format-standard","has-post-thumbnail","hentry","category-aktualnosci","clearfix"],"_links":{"self":[{"href":"https:\/\/przedszkole18.edu.wroclaw.pl\/index.php\/wp-json\/wp\/v2\/posts\/8699","targetHints":{"allow":["GET"]}}],"collection":[{"href":"https:\/\/przedszkole18.edu.wroclaw.pl\/index.php\/wp-json\/wp\/v2\/posts"}],"about":[{"href":"https:\/\/przedszkole18.edu.wroclaw.pl\/index.php\/wp-json\/wp\/v2\/types\/post"}],"author":[{"embeddable":true,"href":"https:\/\/przedszkole18.edu.wroclaw.pl\/index.php\/wp-json\/wp\/v2\/users\/105"}],"replies":[{"embeddable":true,"href":"https:\/\/przedszkole18.edu.wroclaw.pl\/index.php\/wp-json\/wp\/v2\/comments?post=8699"}],"version-history":[{"count":1,"href":"https:\/\/przedszkole18.edu.wroclaw.pl\/index.php\/wp-json\/wp\/v2\/posts\/8699\/revisions"}],"predecessor-version":[{"id":8700,"href":"https:\/\/przedszkole18.edu.wroclaw.pl\/index.php\/wp-json\/wp\/v2\/posts\/8699\/revisions\/8700"}],"wp:featuredmedia":[{"embeddable":true,"href":"https:\/\/przedszkole18.edu.wroclaw.pl\/index.php\/wp-json\/wp\/v2\/media\/2411"}],"wp:attachment":[{"href":"https:\/\/przedszkole18.edu.wroclaw.pl\/index.php\/wp-json\/wp\/v2\/media?parent=8699"}],"wp:term":[{"taxonomy":"category","embeddable":true,"href":"https:\/\/przedszkole18.edu.wroclaw.pl\/index.php\/wp-json\/wp\/v2\/categories?post=8699"},{"taxonomy":"post_tag","embeddable":true,"href":"https:\/\/przedszkole18.edu.wroclaw.pl\/index.php\/wp-json\/wp\/v2\/tags?post=8699"}],"curies":[{"name":"wp","href":"https:\/\/api.w.org\/{rel}","templated":true}]}}