
{"id":8722,"date":"2023-03-24T17:33:15","date_gmt":"2023-03-24T16:33:15","guid":{"rendered":"https:\/\/przedszkole18.edu.wroclaw.pl\/?p=8722"},"modified":"2023-03-24T17:36:31","modified_gmt":"2023-03-24T16:36:31","slug":"przed-wiosennymi-spacerami","status":"publish","type":"post","link":"https:\/\/przedszkole18.edu.wroclaw.pl\/index.php\/2023\/03\/24\/przed-wiosennymi-spacerami\/","title":{"rendered":"Przed Wiosennymi spacerami"},"content":{"rendered":"<p><strong><span style=\"font-size: 14pt;color: #008000\">Szanowni Pa\u0144stwo! <\/span><\/strong><\/p>\n<p><strong><span style=\"font-size: 14pt;color: #008000\">Obieca\u0142am dzieciom, \u017ce wstawi\u0119\u00a0 informacj\u0119 przypominaj\u0105c\u0105,\u00a0 jak dba\u0107 o nasze ptactwo i nie tylko. Zach\u0119cam do przeczytania. To od naszej dba\u0142o\u015bci o \u015brodowisko naturalne, zale\u017cy w jakim \u015bwiecie b\u0119d\u0105 \u017cy\u0142y nasze dzieci.<a href=\"https:\/\/przedszkole18.edu.wroclaw.pl\/wp-content\/uploads\/sites\/36\/2023\/03\/2021broszura-A5_12str2-1.pdf\">2021broszura A5_12str(2) (1)<\/a><\/span><\/strong><\/p>\n<p><strong><span style=\"font-size: 14pt;color: #008000\"> Pozdrawiam i \u017cycz\u0119 udanych wiosennych spacer\u00f3w z rodzin\u0105. <\/span><\/strong><span style=\"font-size: 12pt;color: #333399\">Dyrektor plac\u00f3wk<\/span>i <span style=\"color: #333399\">Lidia Walczak-I\u017cycka<\/span><\/p>\n<p>&nbsp;<\/p>\n","protected":false},"excerpt":{"rendered":"<p>Szanowni Pa\u0144stwo! Obieca\u0142am dzieciom, \u017ce wstawi\u0119\u00a0 informacj\u0119 przypominaj\u0105c\u0105,\u00a0 jak dba\u0107 o nasze ptactwo i nie tylko. Zach\u0119cam do przeczytania. To od naszej dba\u0142o\u015bci o \u015brodowisko naturalne, zale\u017cy w jakim \u015bwiecie [&hellip;]<\/p>\n","protected":false},"author":115,"featured_media":0,"comment_status":"closed","ping_status":"closed","sticky":false,"template":"","format":"standard","meta":{"ngg_post_thumbnail":0,"footnotes":""},"categories":[3],"tags":[],"class_list":["post-8722","post","type-post","status-publish","format-standard","hentry","category-aktualnosci","clearfix"],"_links":{"self":[{"href":"https:\/\/przedszkole18.edu.wroclaw.pl\/index.php\/wp-json\/wp\/v2\/posts\/8722","targetHints":{"allow":["GET"]}}],"collection":[{"href":"https:\/\/przedszkole18.edu.wroclaw.pl\/index.php\/wp-json\/wp\/v2\/posts"}],"about":[{"href":"https:\/\/przedszkole18.edu.wroclaw.pl\/index.php\/wp-json\/wp\/v2\/types\/post"}],"author":[{"embeddable":true,"href":"https:\/\/przedszkole18.edu.wroclaw.pl\/index.php\/wp-json\/wp\/v2\/users\/115"}],"replies":[{"embeddable":true,"href":"https:\/\/przedszkole18.edu.wroclaw.pl\/index.php\/wp-json\/wp\/v2\/comments?post=8722"}],"version-history":[{"count":3,"href":"https:\/\/przedszkole18.edu.wroclaw.pl\/index.php\/wp-json\/wp\/v2\/posts\/8722\/revisions"}],"predecessor-version":[{"id":8726,"href":"https:\/\/przedszkole18.edu.wroclaw.pl\/index.php\/wp-json\/wp\/v2\/posts\/8722\/revisions\/8726"}],"wp:attachment":[{"href":"https:\/\/przedszkole18.edu.wroclaw.pl\/index.php\/wp-json\/wp\/v2\/media?parent=8722"}],"wp:term":[{"taxonomy":"category","embeddable":true,"href":"https:\/\/przedszkole18.edu.wroclaw.pl\/index.php\/wp-json\/wp\/v2\/categories?post=8722"},{"taxonomy":"post_tag","embeddable":true,"href":"https:\/\/przedszkole18.edu.wroclaw.pl\/index.php\/wp-json\/wp\/v2\/tags?post=8722"}],"curies":[{"name":"wp","href":"https:\/\/api.w.org\/{rel}","templated":true}]}}