
{"id":8728,"date":"2023-03-25T13:12:23","date_gmt":"2023-03-25T12:12:23","guid":{"rendered":"https:\/\/przedszkole18.edu.wroclaw.pl\/?p=8728"},"modified":"2023-03-25T13:12:23","modified_gmt":"2023-03-25T12:12:23","slug":"happening-wiosenny","status":"publish","type":"post","link":"https:\/\/przedszkole18.edu.wroclaw.pl\/index.php\/2023\/03\/25\/happening-wiosenny\/","title":{"rendered":"HAPPENING WIOSENNY"},"content":{"rendered":"<p>Drodzy rodzice,<\/p>\n<p>Z rado\u015bci\u0105 informujemy, \u017ce w dniu 21 marca odby\u0142 si\u0119 wiosenny happening w naszym przedszkolu. Ka\u017cda z grup przygotowa\u0142a kr\u00f3tki wyst\u0119p artystyczny oraz pi\u0119kny tematyczny plakat, kt\u00f3ry teraz mo\u017cna podziwia\u0107 na korytarzach naszej plac\u00f3wki. Impreza by\u0142a nie tylko wspania\u0142\u0105 okazj\u0105 do zaprezentowania umiej\u0119tno\u015bci artystycznych przez dzieci, ale tak\u017ce do integracji i zabawy.<\/p>\n<p>Chcieliby\u015bmy r\u00f3wnie\u017c serdecznie podzi\u0119kowa\u0107 wszystkim rodzicom i dzieciom za udzia\u0142 w konkursie: Eko- marzanna. Dzieci, kt\u00f3re stworzy\u0142y pi\u0119kne marzanny, otrzyma\u0142y dyplomy oraz ksi\u0105\u017ceczki. Wystawa marzann, kt\u00f3re mo\u017cna podziwia\u0107 na werandzie przedszkola, jest pe\u0142na niesamowitych kreatywnych pomys\u0142\u00f3w i inspiracji.<\/p>\n<p>Dzi\u0119kujemy !:)<\/p>\n<p><img loading=\"lazy\" decoding=\"async\" class=\"alignnone wp-image-8706 size-large\" src=\"https:\/\/przedszkole18.edu.wroclaw.pl\/wp-content\/uploads\/sites\/36\/2023\/03\/wiosna-wszyscy-2-1024x768.jpg\" alt=\"\" width=\"1024\" height=\"768\" \/><img loading=\"lazy\" decoding=\"async\" class=\"alignnone wp-image-8701 size-large\" src=\"https:\/\/przedszkole18.edu.wroclaw.pl\/wp-content\/uploads\/sites\/36\/2023\/03\/wiosna-wszyscy-768x1024.jpg\" alt=\"\" width=\"768\" height=\"1024\" \/><\/p>\n<p><img loading=\"lazy\" decoding=\"async\" class=\"alignnone wp-image-8703 size-large\" src=\"https:\/\/przedszkole18.edu.wroclaw.pl\/wp-content\/uploads\/sites\/36\/2023\/03\/wiosna-IIIa-1024x768.jpg\" alt=\"\" width=\"1024\" height=\"768\" \/><\/p>\n<p><img loading=\"lazy\" decoding=\"async\" class=\"alignnone wp-image-8704 size-large\" src=\"https:\/\/przedszkole18.edu.wroclaw.pl\/wp-content\/uploads\/sites\/36\/2023\/03\/wiosna-IV-1024x768.jpg\" alt=\"\" width=\"1024\" height=\"768\" \/><\/p>\n<p><img loading=\"lazy\" decoding=\"async\" class=\"alignnone wp-image-8705 \" src=\"https:\/\/przedszkole18.edu.wroclaw.pl\/wp-content\/uploads\/sites\/36\/2023\/03\/wiosna-IVa-1024x768.jpg\" alt=\"\" width=\"1024\" height=\"768\" \/><\/p>\n<p><img loading=\"lazy\" decoding=\"async\" class=\"alignnone wp-image-8729 size-large\" src=\"https:\/\/przedszkole18.edu.wroclaw.pl\/wp-content\/uploads\/sites\/36\/2023\/03\/1679745536778-1024x768.jpeg\" alt=\"\" width=\"1024\" height=\"768\" \/><\/p>\n<p><img loading=\"lazy\" decoding=\"async\" class=\"alignnone size-medium wp-image-8732\" src=\"https:\/\/przedszkole18.edu.wroclaw.pl\/wp-content\/uploads\/sites\/36\/2023\/03\/1679745509695-300x300.jpg\" alt=\"\" width=\"300\" height=\"300\" \/><img loading=\"lazy\" decoding=\"async\" class=\"alignnone size-medium wp-image-8731\" src=\"https:\/\/przedszkole18.edu.wroclaw.pl\/wp-content\/uploads\/sites\/36\/2023\/03\/1679745536752-300x300.jpg\" alt=\"\" width=\"300\" height=\"300\" \/><img loading=\"lazy\" decoding=\"async\" class=\"alignnone size-medium wp-image-8730\" src=\"https:\/\/przedszkole18.edu.wroclaw.pl\/wp-content\/uploads\/sites\/36\/2023\/03\/1679745536766-300x300.jpg\" alt=\"\" width=\"300\" height=\"300\" \/><\/p>\n<p>&nbsp;<\/p>\n","protected":false},"excerpt":{"rendered":"<p>Drodzy rodzice, Z rado\u015bci\u0105 informujemy, \u017ce w dniu 21 marca odby\u0142 si\u0119 wiosenny happening w naszym przedszkolu. Ka\u017cda z grup przygotowa\u0142a kr\u00f3tki wyst\u0119p artystyczny oraz pi\u0119kny tematyczny plakat, kt\u00f3ry teraz [&hellip;]<\/p>\n","protected":false},"author":112,"featured_media":0,"comment_status":"closed","ping_status":"closed","sticky":false,"template":"","format":"standard","meta":{"ngg_post_thumbnail":0,"footnotes":""},"categories":[3],"tags":[],"class_list":["post-8728","post","type-post","status-publish","format-standard","hentry","category-aktualnosci","clearfix"],"_links":{"self":[{"href":"https:\/\/przedszkole18.edu.wroclaw.pl\/index.php\/wp-json\/wp\/v2\/posts\/8728","targetHints":{"allow":["GET"]}}],"collection":[{"href":"https:\/\/przedszkole18.edu.wroclaw.pl\/index.php\/wp-json\/wp\/v2\/posts"}],"about":[{"href":"https:\/\/przedszkole18.edu.wroclaw.pl\/index.php\/wp-json\/wp\/v2\/types\/post"}],"author":[{"embeddable":true,"href":"https:\/\/przedszkole18.edu.wroclaw.pl\/index.php\/wp-json\/wp\/v2\/users\/112"}],"replies":[{"embeddable":true,"href":"https:\/\/przedszkole18.edu.wroclaw.pl\/index.php\/wp-json\/wp\/v2\/comments?post=8728"}],"version-history":[{"count":1,"href":"https:\/\/przedszkole18.edu.wroclaw.pl\/index.php\/wp-json\/wp\/v2\/posts\/8728\/revisions"}],"predecessor-version":[{"id":8734,"href":"https:\/\/przedszkole18.edu.wroclaw.pl\/index.php\/wp-json\/wp\/v2\/posts\/8728\/revisions\/8734"}],"wp:attachment":[{"href":"https:\/\/przedszkole18.edu.wroclaw.pl\/index.php\/wp-json\/wp\/v2\/media?parent=8728"}],"wp:term":[{"taxonomy":"category","embeddable":true,"href":"https:\/\/przedszkole18.edu.wroclaw.pl\/index.php\/wp-json\/wp\/v2\/categories?post=8728"},{"taxonomy":"post_tag","embeddable":true,"href":"https:\/\/przedszkole18.edu.wroclaw.pl\/index.php\/wp-json\/wp\/v2\/tags?post=8728"}],"curies":[{"name":"wp","href":"https:\/\/api.w.org\/{rel}","templated":true}]}}