
{"id":8755,"date":"2023-03-27T18:28:29","date_gmt":"2023-03-27T16:28:29","guid":{"rendered":"https:\/\/przedszkole18.edu.wroclaw.pl\/?p=8755"},"modified":"2023-03-27T18:36:30","modified_gmt":"2023-03-27T16:36:30","slug":"wazne-27","status":"publish","type":"post","link":"https:\/\/przedszkole18.edu.wroclaw.pl\/index.php\/2023\/03\/27\/wazne-27\/","title":{"rendered":"WA\u017bNE !!!"},"content":{"rendered":"<p><span style=\"color: #ff0000\"><em><strong><span style=\"font-size: 14pt\">Szanowni Pa\u0144stwo! <\/span><\/strong><\/em><\/span><\/p>\n<p><em><span style=\"color: #000080\"><span style=\"font-size: 14pt\">Kolejny raz przypominam Pa\u0144stwu, \u017ce jedn\u0105 z naczelnych zasad obowi\u0105zuj\u0105cych w przedszkolu jest zdrowie i bezpiecze\u0144stwo dzieci i pracownik\u00f3w. Dzisiaj odebra\u0142am od rodzic\u00f3w skargi,\u00a0 \u017ce nie wszyscy Pa\u0144stwo, stosujecie\u00a0 si\u0119 do tych zasad, nara\u017caj\u0105c zdrowych na zachorowania.<br \/>\n<\/span><\/span><\/em><\/p>\n<p><em><span style=\"color: #000080\"><span style=\"font-size: 14pt\"> Dzieci kaszl\u0105ce, dzieci z\u00a0 katarami\u00a0 zostaj\u0105 w domu! \u00a0 <\/span><\/span><span style=\"color: #ff0000\"><strong><span style=\"font-size: 14pt\">Nie ma mojej zgody na przyprowadzanie do plac\u00f3wki dzieci chorych !!! <\/span><\/strong><\/span><\/em><\/p>\n<p><em><span style=\"color: #000080\"><span style=\"font-size: 14pt\">Mamy ju\u017c przypadki odry, szkarlatyny, wysok\u0105 gor\u0105czk\u0119 u dzieci, kt\u00f3rej przyczyny nie potrafi\u0105 okre\u015bli\u0107 lekarze i jeszcze w\u00a0 jednej z grup zg\u0142oszono przypadek paciorkowca, prosz\u0119 zatem obserwowa\u0107 dzieci i informowa\u0107 plac\u00f3wk\u0119. \u017bycz\u0119 zdrowia.<\/span> <\/span><\/em><\/p>\n","protected":false},"excerpt":{"rendered":"<p>Szanowni Pa\u0144stwo! Kolejny raz przypominam Pa\u0144stwu, \u017ce jedn\u0105 z naczelnych zasad obowi\u0105zuj\u0105cych w przedszkolu jest zdrowie i bezpiecze\u0144stwo dzieci i pracownik\u00f3w. Dzisiaj odebra\u0142am od rodzic\u00f3w skargi,\u00a0 \u017ce nie wszyscy Pa\u0144stwo, [&hellip;]<\/p>\n","protected":false},"author":115,"featured_media":0,"comment_status":"closed","ping_status":"closed","sticky":false,"template":"","format":"standard","meta":{"ngg_post_thumbnail":0,"footnotes":""},"categories":[3],"tags":[],"class_list":["post-8755","post","type-post","status-publish","format-standard","hentry","category-aktualnosci","clearfix"],"_links":{"self":[{"href":"https:\/\/przedszkole18.edu.wroclaw.pl\/index.php\/wp-json\/wp\/v2\/posts\/8755","targetHints":{"allow":["GET"]}}],"collection":[{"href":"https:\/\/przedszkole18.edu.wroclaw.pl\/index.php\/wp-json\/wp\/v2\/posts"}],"about":[{"href":"https:\/\/przedszkole18.edu.wroclaw.pl\/index.php\/wp-json\/wp\/v2\/types\/post"}],"author":[{"embeddable":true,"href":"https:\/\/przedszkole18.edu.wroclaw.pl\/index.php\/wp-json\/wp\/v2\/users\/115"}],"replies":[{"embeddable":true,"href":"https:\/\/przedszkole18.edu.wroclaw.pl\/index.php\/wp-json\/wp\/v2\/comments?post=8755"}],"version-history":[{"count":3,"href":"https:\/\/przedszkole18.edu.wroclaw.pl\/index.php\/wp-json\/wp\/v2\/posts\/8755\/revisions"}],"predecessor-version":[{"id":8758,"href":"https:\/\/przedszkole18.edu.wroclaw.pl\/index.php\/wp-json\/wp\/v2\/posts\/8755\/revisions\/8758"}],"wp:attachment":[{"href":"https:\/\/przedszkole18.edu.wroclaw.pl\/index.php\/wp-json\/wp\/v2\/media?parent=8755"}],"wp:term":[{"taxonomy":"category","embeddable":true,"href":"https:\/\/przedszkole18.edu.wroclaw.pl\/index.php\/wp-json\/wp\/v2\/categories?post=8755"},{"taxonomy":"post_tag","embeddable":true,"href":"https:\/\/przedszkole18.edu.wroclaw.pl\/index.php\/wp-json\/wp\/v2\/tags?post=8755"}],"curies":[{"name":"wp","href":"https:\/\/api.w.org\/{rel}","templated":true}]}}