
{"id":8762,"date":"2023-03-30T09:10:48","date_gmt":"2023-03-30T07:10:48","guid":{"rendered":"https:\/\/przedszkole18.edu.wroclaw.pl\/?p=8762"},"modified":"2023-03-30T12:17:43","modified_gmt":"2023-03-30T10:17:43","slug":"wyniki-iii-ogolnopolskiego-konkursu-na-najciekawszy-limeryk","status":"publish","type":"post","link":"https:\/\/przedszkole18.edu.wroclaw.pl\/index.php\/2023\/03\/30\/wyniki-iii-ogolnopolskiego-konkursu-na-najciekawszy-limeryk\/","title":{"rendered":"Wyniki III Og\u00f3lnopolskiego Konkursu na Najciekawszy Limeryk"},"content":{"rendered":"<p>Szanowni Rodzice. Serdecznie zapraszamy do zapoznania si\u0119 z wynikami III Og\u00f3lnopolskiego Konkursu na Najciekawszy Limeryk, organizowanego w ramach Miejskiego Programu Profilaktyki Logopedycznej.<\/p>\n<p>Komisja sk\u0142adzie : Magdalena Paszkiewicz &#8211; przewodnicz\u0105ca, Beata Garncarek, Bo\u017cena Macewicz, Ewa Hartman, Ma\u0142gorzata Michalska przyzna\u0142a<\/p>\n<p>W grupie 3 &#8211; 5 lat<\/p>\n<p>I miejsce\u00a0 Michalinie Kosowskiej, z P &#8211; 66,\u00a0 &#8222;Bajkolandia&#8221; we Wroc\u0142awiu , wraz z tat\u0105 Piotrem, za utw\u00f3r &#8222;Idzie wiosna&#8221;. Jury doceni\u0142o ciekawe podej\u015bcie do tematu, zgodne z zasadami tworzenia limeryku.<\/p>\n<p>Ex &#8211; aequo<\/p>\n<p>II miejsce Ignacemu Kami\u0144skiemu z P &#8211; 66 &#8222;Bajkolandia&#8221; we Wroc\u0142awiu, wraz z tat\u0105 Paw\u0142em, za utw\u00f3r &#8222;Nauka j\u0119zyka&#8221; . Komisja doceni\u0142a interesuj\u0105c\u0105 konwencj\u0119 literack\u0105 i suspens.<\/p>\n<p>II miejsce\u00a0 Stanis\u0142awowi Goleniowski z P &#8211; 35 &#8222;T\u0119czowy Domek&#8221; we Wroc\u0142awiu, wraz z mam\u0105 Katarzyn\u0105,\u00a0 za utw\u00f3r :Przedszkolaki&#8221;. Jury zwr\u00f3ci\u0142o szczeg\u00f3ln\u0105 uwag\u0119, na pi\u0119kn\u0105 prezentacj\u0119 utworu.<\/p>\n<p>Ponadto jury przyzna\u0142o wyr\u00f3\u017cnienie Stanis\u0142awowi Kr\u00f3l, z P &#8211; 66 &#8222;Bajkolandia&#8221; we Wroc\u0142awiu, wraz z mam\u0105 Ma\u0142gorzat\u0105, z utworem &#8222;Przedszkolaki&#8221;, za dzieln\u0105 postaw\u0119 za dzieln\u0105 postaw\u0119, w trakcie prezentacji swojego dzie\u0142a.<\/p>\n<p>W grupie 6 &#8211; 10 lat<\/p>\n<p>Ex &#8211; aequo<\/p>\n<p>I miejsce Ma\u0142gorzacie Ba\u0144ce, z P &#8211; 52 w Lublinie, z mam\u0105 Agnieszk\u0105, za utw\u00f3r &#8222;Niesforny Kucyk&#8221;. Jury doceni\u0142o logopedyczn\u0105 interpretacj\u0119 tekstu oraz ekspresywn\u0105 prezentacj\u0119<\/p>\n<p>I miejsce Tobiaszowi Szypypulskiemu z P &#8211; 81 w Bia\u0142ymstoku, wraz z tat\u0105, za utw\u00f3r &#8222;K\u0142opot Je\u017cyka&#8221;. Nagroda zosta\u0142a przyznana za najlepszy formalnie i tre\u015bciowo tekst oraz kreatywn\u0105 prezentacj\u0119.<\/p>\n<p>II miejsce Michalinie Korybo, z P &#8211; 66 &#8222;Bajkolandia&#8221; we Wroc\u0142awiu, raz z mam\u0105, za utw\u00f3r &#8222;Kaczka Agata&#8221;. Jury doceni\u0142o ciekawy tekst, zgodny z zasadami tworzenia limeryku oraz kreatywne wykonanie.<\/p>\n<p>Ponadto jury przyzna\u0142o wyr\u00f3\u017cnienie Piotrowi Szali, z P- 66 &#8222;Bajkolandia&#8221; we Wroc\u0142awiu wraz z mam\u0105 Mart\u0105, za utw\u00f3r &#8222;Pirat Stary&#8221;. Jury doceni\u0142o ciekaw\u0105 inscenizacj\u0119.<\/p>\n<p>W grupie 11 &#8211; 14 lat jury przyzna\u0142o wyr\u00f3\u017cnienia:<\/p>\n<p>Hannie Tokarz z ZSP\u00a0 &#8211; 13 ,Sp .67, we Wroc\u0142awiu za utw\u00f3r &#8222;\u017babki mieszkanki fili\u017canki&#8221; oraz Mateuszowi Por\u0119bie ZSP13, Sp.\u00a0 67 we Wroc\u0142awiu, za utw\u00f3r &#8222;Brodacz&#8221;, za realizacj\u0119 wizualn\u0105 utwor\u00f3w.<\/p>\n<p>Wszystkim uczestnikom konkursu gratulujemy\u00a0 \u00a0kreatywno\u015bci i dzi\u0119kujemy za udzia\u0142 w konkursie.<\/p>\n<p>Koordynator konkursu Ma\u0142gorzata Michalska<\/p>\n<p>&nbsp;<\/p>\n","protected":false},"excerpt":{"rendered":"<p>Szanowni Rodzice. Serdecznie zapraszamy do zapoznania si\u0119 z wynikami III Og\u00f3lnopolskiego Konkursu na Najciekawszy Limeryk, organizowanego w ramach Miejskiego Programu Profilaktyki Logopedycznej. Komisja sk\u0142adzie : Magdalena Paszkiewicz &#8211; przewodnicz\u0105ca, Beata [&hellip;]<\/p>\n","protected":false},"author":119,"featured_media":0,"comment_status":"closed","ping_status":"closed","sticky":false,"template":"","format":"standard","meta":{"ngg_post_thumbnail":0,"footnotes":""},"categories":[3],"tags":[],"class_list":["post-8762","post","type-post","status-publish","format-standard","hentry","category-aktualnosci","clearfix"],"_links":{"self":[{"href":"https:\/\/przedszkole18.edu.wroclaw.pl\/index.php\/wp-json\/wp\/v2\/posts\/8762","targetHints":{"allow":["GET"]}}],"collection":[{"href":"https:\/\/przedszkole18.edu.wroclaw.pl\/index.php\/wp-json\/wp\/v2\/posts"}],"about":[{"href":"https:\/\/przedszkole18.edu.wroclaw.pl\/index.php\/wp-json\/wp\/v2\/types\/post"}],"author":[{"embeddable":true,"href":"https:\/\/przedszkole18.edu.wroclaw.pl\/index.php\/wp-json\/wp\/v2\/users\/119"}],"replies":[{"embeddable":true,"href":"https:\/\/przedszkole18.edu.wroclaw.pl\/index.php\/wp-json\/wp\/v2\/comments?post=8762"}],"version-history":[{"count":4,"href":"https:\/\/przedszkole18.edu.wroclaw.pl\/index.php\/wp-json\/wp\/v2\/posts\/8762\/revisions"}],"predecessor-version":[{"id":8770,"href":"https:\/\/przedszkole18.edu.wroclaw.pl\/index.php\/wp-json\/wp\/v2\/posts\/8762\/revisions\/8770"}],"wp:attachment":[{"href":"https:\/\/przedszkole18.edu.wroclaw.pl\/index.php\/wp-json\/wp\/v2\/media?parent=8762"}],"wp:term":[{"taxonomy":"category","embeddable":true,"href":"https:\/\/przedszkole18.edu.wroclaw.pl\/index.php\/wp-json\/wp\/v2\/categories?post=8762"},{"taxonomy":"post_tag","embeddable":true,"href":"https:\/\/przedszkole18.edu.wroclaw.pl\/index.php\/wp-json\/wp\/v2\/tags?post=8762"}],"curies":[{"name":"wp","href":"https:\/\/api.w.org\/{rel}","templated":true}]}}