
{"id":8781,"date":"2023-04-01T16:03:06","date_gmt":"2023-04-01T14:03:06","guid":{"rendered":"https:\/\/przedszkole18.edu.wroclaw.pl\/?p=8781"},"modified":"2023-04-01T16:03:06","modified_gmt":"2023-04-01T14:03:06","slug":"szanowni-rodzice","status":"publish","type":"post","link":"https:\/\/przedszkole18.edu.wroclaw.pl\/index.php\/2023\/04\/01\/szanowni-rodzice\/","title":{"rendered":"Szanowni rodzice!"},"content":{"rendered":"<p><span style=\"font-size: 14pt;color: #800000\"><strong>Od 3 kwietnia \/poniedzia\u0142ek\/,\u00a0 zmiana organizacji pracy w godzinach porannych. Z uwagi na du\u017ce trudno\u015bci kadrowe,\u00a0<span style=\"color: #ff0000\"> wszyscy rodzice w godzinach porannych,\u00a0 wchodz\u0105 z dzie\u0107mi do szatni przedszkola,\u00a0<\/span> przebrane dzieci wchodz\u0105 do sal przedszkolnych, zgodnie z grafikiem zamieszczonym przy domofonie. Odbieramy dzieci jak do tej pory czekaj\u0105c na nie w szatni.\u00a0<\/strong><\/span><span style=\"font-size: 12pt;color: #003366\"><span style=\"color: #800000\"> Pozdrawiam i \u017cycz\u0119 zdrowia. Dyrektor plac\u00f3wki Lidia Walczak-I\u017cycka<\/span>\u00a0 <\/span><\/p>\n","protected":false},"excerpt":{"rendered":"<p>Od 3 kwietnia \/poniedzia\u0142ek\/,\u00a0 zmiana organizacji pracy w godzinach porannych. Z uwagi na du\u017ce trudno\u015bci kadrowe,\u00a0 wszyscy rodzice w godzinach porannych,\u00a0 wchodz\u0105 z dzie\u0107mi do szatni przedszkola,\u00a0 przebrane dzieci wchodz\u0105 [&hellip;]<\/p>\n","protected":false},"author":115,"featured_media":0,"comment_status":"closed","ping_status":"closed","sticky":false,"template":"","format":"standard","meta":{"ngg_post_thumbnail":0,"footnotes":""},"categories":[3],"tags":[],"class_list":["post-8781","post","type-post","status-publish","format-standard","hentry","category-aktualnosci","clearfix"],"_links":{"self":[{"href":"https:\/\/przedszkole18.edu.wroclaw.pl\/index.php\/wp-json\/wp\/v2\/posts\/8781","targetHints":{"allow":["GET"]}}],"collection":[{"href":"https:\/\/przedszkole18.edu.wroclaw.pl\/index.php\/wp-json\/wp\/v2\/posts"}],"about":[{"href":"https:\/\/przedszkole18.edu.wroclaw.pl\/index.php\/wp-json\/wp\/v2\/types\/post"}],"author":[{"embeddable":true,"href":"https:\/\/przedszkole18.edu.wroclaw.pl\/index.php\/wp-json\/wp\/v2\/users\/115"}],"replies":[{"embeddable":true,"href":"https:\/\/przedszkole18.edu.wroclaw.pl\/index.php\/wp-json\/wp\/v2\/comments?post=8781"}],"version-history":[{"count":1,"href":"https:\/\/przedszkole18.edu.wroclaw.pl\/index.php\/wp-json\/wp\/v2\/posts\/8781\/revisions"}],"predecessor-version":[{"id":8782,"href":"https:\/\/przedszkole18.edu.wroclaw.pl\/index.php\/wp-json\/wp\/v2\/posts\/8781\/revisions\/8782"}],"wp:attachment":[{"href":"https:\/\/przedszkole18.edu.wroclaw.pl\/index.php\/wp-json\/wp\/v2\/media?parent=8781"}],"wp:term":[{"taxonomy":"category","embeddable":true,"href":"https:\/\/przedszkole18.edu.wroclaw.pl\/index.php\/wp-json\/wp\/v2\/categories?post=8781"},{"taxonomy":"post_tag","embeddable":true,"href":"https:\/\/przedszkole18.edu.wroclaw.pl\/index.php\/wp-json\/wp\/v2\/tags?post=8781"}],"curies":[{"name":"wp","href":"https:\/\/api.w.org\/{rel}","templated":true}]}}