
{"id":8808,"date":"2023-04-06T14:52:34","date_gmt":"2023-04-06T12:52:34","guid":{"rendered":"https:\/\/przedszkole18.edu.wroclaw.pl\/?p=8808"},"modified":"2023-04-06T14:59:04","modified_gmt":"2023-04-06T12:59:04","slug":"zyczenia-swiateczne","status":"publish","type":"post","link":"https:\/\/przedszkole18.edu.wroclaw.pl\/index.php\/2023\/04\/06\/zyczenia-swiateczne\/","title":{"rendered":"\u017byczenia \u015awi\u0105teczne!"},"content":{"rendered":"<p style=\"text-align: center\"><span style=\"color: #008000\"><strong><span style=\"font-size: 14pt\">Szanowni Pa\u0144stwo!<\/span><\/strong><\/span><\/p>\n<p style=\"text-align: center\"><span style=\"color: #008000\"><strong><span style=\"font-size: 14pt\">Z okazji zbli\u017caj\u0105cych si\u0119 \u015awi\u0105t Wielkanocnych, \u017cyczenia wielu ciep\u0142ych i\u00a0 radosnych chwil sp\u0119dzonych w gronie rodziny i przyjaci\u00f3\u0142<\/span><\/strong><\/span><\/p>\n<p style=\"text-align: center\"><span style=\"color: #008000\"><strong><span style=\"font-size: 14pt\"> \u017cycz\u0105 dyrektor wraz z\u00a0 pracownikami. Pozdrawiamy serdecznie<\/span> <\/strong><\/span><\/p>\n<p style=\"text-align: center\"><img loading=\"lazy\" decoding=\"async\" class=\"alignnone size-medium wp-image-8787\" src=\"https:\/\/przedszkole18.edu.wroclaw.pl\/wp-content\/uploads\/sites\/36\/2023\/04\/co-to-jest-wielkanoc-122691-4_3-300x225.jpg\" alt=\"\" width=\"300\" height=\"225\" srcset=\"https:\/\/przedszkole18.edu.wroclaw.pl\/wp-content\/uploads\/sites\/36\/2023\/04\/co-to-jest-wielkanoc-122691-4_3-300x225.jpg 300w, https:\/\/przedszkole18.edu.wroclaw.pl\/wp-content\/uploads\/sites\/36\/2023\/04\/co-to-jest-wielkanoc-122691-4_3-1024x767.jpg 1024w, https:\/\/przedszkole18.edu.wroclaw.pl\/wp-content\/uploads\/sites\/36\/2023\/04\/co-to-jest-wielkanoc-122691-4_3-768x575.jpg 768w, https:\/\/przedszkole18.edu.wroclaw.pl\/wp-content\/uploads\/sites\/36\/2023\/04\/co-to-jest-wielkanoc-122691-4_3-600x450.jpg 600w, https:\/\/przedszkole18.edu.wroclaw.pl\/wp-content\/uploads\/sites\/36\/2023\/04\/co-to-jest-wielkanoc-122691-4_3.jpg 1200w\" sizes=\"auto, (max-width: 300px) 100vw, 300px\" \/><\/p>\n","protected":false},"excerpt":{"rendered":"<p>Szanowni Pa\u0144stwo! Z okazji zbli\u017caj\u0105cych si\u0119 \u015awi\u0105t Wielkanocnych, \u017cyczenia wielu ciep\u0142ych i\u00a0 radosnych chwil sp\u0119dzonych w gronie rodziny i przyjaci\u00f3\u0142 \u017cycz\u0105 dyrektor wraz z\u00a0 pracownikami. Pozdrawiamy serdecznie<\/p>\n","protected":false},"author":115,"featured_media":8787,"comment_status":"closed","ping_status":"closed","sticky":false,"template":"","format":"standard","meta":{"ngg_post_thumbnail":0,"footnotes":""},"categories":[3],"tags":[],"class_list":["post-8808","post","type-post","status-publish","format-standard","has-post-thumbnail","hentry","category-aktualnosci","clearfix"],"_links":{"self":[{"href":"https:\/\/przedszkole18.edu.wroclaw.pl\/index.php\/wp-json\/wp\/v2\/posts\/8808","targetHints":{"allow":["GET"]}}],"collection":[{"href":"https:\/\/przedszkole18.edu.wroclaw.pl\/index.php\/wp-json\/wp\/v2\/posts"}],"about":[{"href":"https:\/\/przedszkole18.edu.wroclaw.pl\/index.php\/wp-json\/wp\/v2\/types\/post"}],"author":[{"embeddable":true,"href":"https:\/\/przedszkole18.edu.wroclaw.pl\/index.php\/wp-json\/wp\/v2\/users\/115"}],"replies":[{"embeddable":true,"href":"https:\/\/przedszkole18.edu.wroclaw.pl\/index.php\/wp-json\/wp\/v2\/comments?post=8808"}],"version-history":[{"count":3,"href":"https:\/\/przedszkole18.edu.wroclaw.pl\/index.php\/wp-json\/wp\/v2\/posts\/8808\/revisions"}],"predecessor-version":[{"id":8811,"href":"https:\/\/przedszkole18.edu.wroclaw.pl\/index.php\/wp-json\/wp\/v2\/posts\/8808\/revisions\/8811"}],"wp:featuredmedia":[{"embeddable":true,"href":"https:\/\/przedszkole18.edu.wroclaw.pl\/index.php\/wp-json\/wp\/v2\/media\/8787"}],"wp:attachment":[{"href":"https:\/\/przedszkole18.edu.wroclaw.pl\/index.php\/wp-json\/wp\/v2\/media?parent=8808"}],"wp:term":[{"taxonomy":"category","embeddable":true,"href":"https:\/\/przedszkole18.edu.wroclaw.pl\/index.php\/wp-json\/wp\/v2\/categories?post=8808"},{"taxonomy":"post_tag","embeddable":true,"href":"https:\/\/przedszkole18.edu.wroclaw.pl\/index.php\/wp-json\/wp\/v2\/tags?post=8808"}],"curies":[{"name":"wp","href":"https:\/\/api.w.org\/{rel}","templated":true}]}}