
{"id":8882,"date":"2023-04-18T18:21:55","date_gmt":"2023-04-18T16:21:55","guid":{"rendered":"https:\/\/przedszkole18.edu.wroclaw.pl\/?p=8882"},"modified":"2023-04-18T18:23:45","modified_gmt":"2023-04-18T16:23:45","slug":"dzien-ziemi-w-wiolinku","status":"publish","type":"post","link":"https:\/\/przedszkole18.edu.wroclaw.pl\/index.php\/2023\/04\/18\/dzien-ziemi-w-wiolinku\/","title":{"rendered":"Dzie\u0144 Ziemi w &#8222;Wiolinku&#8221;"},"content":{"rendered":"<p><strong><span style=\"font-size: 14pt;color: #008000\">\u00a0Dzie\u0144 Ziemi\u00a0 &#8211; 22 kwietnia.<br \/>\n<\/span><\/strong><\/p>\n<p><strong><span style=\"font-size: 14pt;color: #008000\"> To coroczne wydarzenie,\u00a0 obchodzone od 1970 roku, ma na celu szerzenie wiedzy,\u00a0 na temat ochrony \u015brodowiska i ekologii. Jest obchodzony w ponad\u00a0 193 pa\u0144stwach. W trosce na nasze najm\u0142odsze pokolenia i ich przysz\u0142o\u015b\u0107 ,\u00a0 trwaj\u0105cy tydzie\u0144 to czas,\u00a0 w kt\u00f3rym\u00a0 poruszamy tematy zwi\u0105zane z obchodami tak wa\u017cnego wydarzenia.\u00a0 &#8222;Ekologiczny styl \u017cycia &#8222;, &#8222;Co mog\u0119 zrobi\u0107 dla ziemi&#8221; , &#8222;Skutki zanieczyszcze\u0144&#8221;, &#8222;Odpady s\u0105 wsz\u0119dzie&#8221;<\/span><\/strong><\/p>\n<p><strong><span style=\"font-size: 14pt;color: #008000\"> Pragniemy\u00a0 aby fina\u0142em tegorocznych dzia\u0142a\u0144, by\u0142o wsp\u00f3lne posadzenie kwiat\u00f3w w przedszkolnym ogrodzie.\u00a0 24 kwietnia\u00a0 w wyznaczonym miejscu w ogrodzie,ka\u017cda grupa \u00a0 b\u0119dzie mog\u0142a zasadzi\u0107 przyniesione kwiaty, to dobra okazja do zdobywania nowych umiej\u0119tno\u015bci,\u00a0 prowadzenie przyrodniczych obserwacji\u00a0\u00a0 i tym samym dba\u0142o\u015bci o co\u015b,\u00a0 co sami posadzili\u015bmy. Zach\u0119cam zatem o przyniesienie do przedszkola bratka, aksamitki lub innego mog\u0105cego rosn\u0105\u0107 w ogrodzie kwiatka, kt\u00f3rego posadzimy wsp\u00f3lnie z kolegami i kole\u017cankami pod czujnym okiem nauczycielami grup. Pozdrawiamy.\u00a0 Do zobaczenia w przedszkolnym ogrodzie.\u00a0 <\/span><\/strong><\/p>\n","protected":false},"excerpt":{"rendered":"<p>\u00a0Dzie\u0144 Ziemi\u00a0 &#8211; 22 kwietnia. To coroczne wydarzenie,\u00a0 obchodzone od 1970 roku, ma na celu szerzenie wiedzy,\u00a0 na temat ochrony \u015brodowiska i ekologii. Jest obchodzony w ponad\u00a0 193 pa\u0144stwach. W [&hellip;]<\/p>\n","protected":false},"author":115,"featured_media":0,"comment_status":"closed","ping_status":"closed","sticky":false,"template":"","format":"standard","meta":{"ngg_post_thumbnail":0,"footnotes":""},"categories":[3],"tags":[],"class_list":["post-8882","post","type-post","status-publish","format-standard","hentry","category-aktualnosci","clearfix"],"_links":{"self":[{"href":"https:\/\/przedszkole18.edu.wroclaw.pl\/index.php\/wp-json\/wp\/v2\/posts\/8882","targetHints":{"allow":["GET"]}}],"collection":[{"href":"https:\/\/przedszkole18.edu.wroclaw.pl\/index.php\/wp-json\/wp\/v2\/posts"}],"about":[{"href":"https:\/\/przedszkole18.edu.wroclaw.pl\/index.php\/wp-json\/wp\/v2\/types\/post"}],"author":[{"embeddable":true,"href":"https:\/\/przedszkole18.edu.wroclaw.pl\/index.php\/wp-json\/wp\/v2\/users\/115"}],"replies":[{"embeddable":true,"href":"https:\/\/przedszkole18.edu.wroclaw.pl\/index.php\/wp-json\/wp\/v2\/comments?post=8882"}],"version-history":[{"count":2,"href":"https:\/\/przedszkole18.edu.wroclaw.pl\/index.php\/wp-json\/wp\/v2\/posts\/8882\/revisions"}],"predecessor-version":[{"id":8884,"href":"https:\/\/przedszkole18.edu.wroclaw.pl\/index.php\/wp-json\/wp\/v2\/posts\/8882\/revisions\/8884"}],"wp:attachment":[{"href":"https:\/\/przedszkole18.edu.wroclaw.pl\/index.php\/wp-json\/wp\/v2\/media?parent=8882"}],"wp:term":[{"taxonomy":"category","embeddable":true,"href":"https:\/\/przedszkole18.edu.wroclaw.pl\/index.php\/wp-json\/wp\/v2\/categories?post=8882"},{"taxonomy":"post_tag","embeddable":true,"href":"https:\/\/przedszkole18.edu.wroclaw.pl\/index.php\/wp-json\/wp\/v2\/tags?post=8882"}],"curies":[{"name":"wp","href":"https:\/\/api.w.org\/{rel}","templated":true}]}}