
{"id":8949,"date":"2023-04-27T12:39:23","date_gmt":"2023-04-27T10:39:23","guid":{"rendered":"https:\/\/przedszkole18.edu.wroclaw.pl\/?p=8949"},"modified":"2023-04-27T12:52:53","modified_gmt":"2023-04-27T10:52:53","slug":"dziekujemy-2","status":"publish","type":"post","link":"https:\/\/przedszkole18.edu.wroclaw.pl\/index.php\/2023\/04\/27\/dziekujemy-2\/","title":{"rendered":"Dzi\u0119kujemy!"},"content":{"rendered":"<p><span style=\"color: #008000;font-size: 14pt\"><em><strong>Szanowni Pa\u0144stwa.<\/strong><\/em><\/span><\/p>\n<p><span style=\"color: #008000;font-size: 14pt\">Bardzo dzi\u0119kujemy za Wasze zaanga\u017cowanie w akcj\u0119 zwi\u0105zan\u0105 z obchodami Mi\u0119dzynarodowego Dnia Ziemi. Mali tw\u00f3rcy kwiatowych rabatek, bez w\u0105tpienia maj\u0105 sw\u00f3j wk\u0142ad w upi\u0119kszanie przedszkolnego ogrodu. I na pewno wiedz\u0105 wszyscy, \u017ce ziele\u0144 wok\u00f3\u0142 nas czyni \u017cycie bogatszym i pi\u0119kniejszym. <\/span><\/p>\n<p><span style=\"color: #008000;font-size: 14pt\">Mamy nadziej\u0119, \u017ce wsp\u00f3lne dbanie o ro\u015bliny ucieszy dzieci. <\/span><span style=\"color: #008000;font-size: 14pt\">Rad Rodzic\u00f3w ze swoich funduszy zakupi\u0142a traw\u0119 i krzewy,\u00a0 kt\u00f3r\u0105 mogli\u015bmy dosia\u0107 i dosadzi\u0107 obok piaskownicy.\u00a0 Dzi\u0119kujemy bardzo! Pozdrawiamy i \u017cyczymy du\u017co zdrowia. <\/span><\/p>\n<p><img loading=\"lazy\" decoding=\"async\" class=\"alignnone size-medium wp-image-8902\" src=\"https:\/\/przedszkole18.edu.wroclaw.pl\/wp-content\/uploads\/sites\/36\/2023\/04\/sadzenie6jpg-300x225.jpg\" alt=\"\" width=\"300\" height=\"225\" \/><img loading=\"lazy\" decoding=\"async\" class=\"alignnone size-medium wp-image-8914\" src=\"https:\/\/przedszkole18.edu.wroclaw.pl\/wp-content\/uploads\/sites\/36\/2023\/04\/IMG_20230424_191800-300x225.jpg\" alt=\"\" width=\"300\" height=\"225\" \/><img loading=\"lazy\" decoding=\"async\" class=\"alignnone size-medium wp-image-8927\" src=\"https:\/\/przedszkole18.edu.wroclaw.pl\/wp-content\/uploads\/sites\/36\/2023\/04\/1682479429642-300x225.jpg\" alt=\"\" width=\"300\" height=\"225\" \/><img loading=\"lazy\" decoding=\"async\" class=\"alignnone size-medium wp-image-8944\" src=\"https:\/\/przedszkole18.edu.wroclaw.pl\/wp-content\/uploads\/sites\/36\/2023\/04\/img-20230427-wa0001-300x225.jpg\" alt=\"\" width=\"300\" height=\"225\" \/><\/p>\n","protected":false},"excerpt":{"rendered":"<p>Szanowni Pa\u0144stwa. Bardzo dzi\u0119kujemy za Wasze zaanga\u017cowanie w akcj\u0119 zwi\u0105zan\u0105 z obchodami Mi\u0119dzynarodowego Dnia Ziemi. Mali tw\u00f3rcy kwiatowych rabatek, bez w\u0105tpienia maj\u0105 sw\u00f3j wk\u0142ad w upi\u0119kszanie przedszkolnego ogrodu. I na [&hellip;]<\/p>\n","protected":false},"author":115,"featured_media":8915,"comment_status":"closed","ping_status":"closed","sticky":false,"template":"","format":"standard","meta":{"ngg_post_thumbnail":0,"footnotes":""},"categories":[3],"tags":[],"class_list":["post-8949","post","type-post","status-publish","format-standard","has-post-thumbnail","hentry","category-aktualnosci","clearfix"],"_links":{"self":[{"href":"https:\/\/przedszkole18.edu.wroclaw.pl\/index.php\/wp-json\/wp\/v2\/posts\/8949","targetHints":{"allow":["GET"]}}],"collection":[{"href":"https:\/\/przedszkole18.edu.wroclaw.pl\/index.php\/wp-json\/wp\/v2\/posts"}],"about":[{"href":"https:\/\/przedszkole18.edu.wroclaw.pl\/index.php\/wp-json\/wp\/v2\/types\/post"}],"author":[{"embeddable":true,"href":"https:\/\/przedszkole18.edu.wroclaw.pl\/index.php\/wp-json\/wp\/v2\/users\/115"}],"replies":[{"embeddable":true,"href":"https:\/\/przedszkole18.edu.wroclaw.pl\/index.php\/wp-json\/wp\/v2\/comments?post=8949"}],"version-history":[{"count":3,"href":"https:\/\/przedszkole18.edu.wroclaw.pl\/index.php\/wp-json\/wp\/v2\/posts\/8949\/revisions"}],"predecessor-version":[{"id":8953,"href":"https:\/\/przedszkole18.edu.wroclaw.pl\/index.php\/wp-json\/wp\/v2\/posts\/8949\/revisions\/8953"}],"wp:featuredmedia":[{"embeddable":true,"href":"https:\/\/przedszkole18.edu.wroclaw.pl\/index.php\/wp-json\/wp\/v2\/media\/8915"}],"wp:attachment":[{"href":"https:\/\/przedszkole18.edu.wroclaw.pl\/index.php\/wp-json\/wp\/v2\/media?parent=8949"}],"wp:term":[{"taxonomy":"category","embeddable":true,"href":"https:\/\/przedszkole18.edu.wroclaw.pl\/index.php\/wp-json\/wp\/v2\/categories?post=8949"},{"taxonomy":"post_tag","embeddable":true,"href":"https:\/\/przedszkole18.edu.wroclaw.pl\/index.php\/wp-json\/wp\/v2\/tags?post=8949"}],"curies":[{"name":"wp","href":"https:\/\/api.w.org\/{rel}","templated":true}]}}