
{"id":9046,"date":"2023-05-15T14:07:04","date_gmt":"2023-05-15T12:07:04","guid":{"rendered":"https:\/\/przedszkole18.edu.wroclaw.pl\/?p=9046"},"modified":"2023-05-15T14:10:28","modified_gmt":"2023-05-15T12:10:28","slug":"wazne-28","status":"publish","type":"post","link":"https:\/\/przedszkole18.edu.wroclaw.pl\/index.php\/2023\/05\/15\/wazne-28\/","title":{"rendered":"Wa\u017cne!"},"content":{"rendered":"<p><strong><span style=\"color: #800000\">Szanowni Pa\u0144stwo!<\/span><\/strong><\/p>\n<p><strong><span style=\"color: #800000\">Zgodnie z obowi\u0105zuj\u0105cymi procedurami dotycz\u0105cymi wakacyjnej opieki nad dzie\u0107mi w plac\u00f3wkach o\u015bwiatowych, prosz\u0119 o zapoznanie si\u0119 i dostarczenie do plac\u00f3wki\/ skrzynka w holu\/\u00a0 do 31 maja deklaracji <a href=\"https:\/\/przedszkole18.edu.wroclaw.pl\/wp-content\/uploads\/sites\/36\/2023\/05\/Deklaracja-wakacje-.doc\">Deklaracja &#8211; wakacje<\/a> korzystania z przedszkola\u00a0 w czasie 1-31.07. 2023 r. Pa\u0144stwa deklaracja jest niezb\u0119dna do zaplanowania pracy przedszkola we wskazanym czasie.<\/span><\/strong><\/p>\n<p><strong><span style=\"color: #800000\"> Zgodnie z informacjami przekazanymi Pa\u0144stwu na spotkaniach organizacyjnych,\u00a0 przypominam, \u017ce od 1- 31.08.2023r. trwa przerwa wakacyjna.\u00a0<\/span><\/strong><\/p>\n<p><strong><span style=\"color: #800000\">Pozdrawiam i \u017cycz\u0119 zdrowia. <\/span><\/strong><span style=\"color: #800000\"><span style=\"color: #666699\">Dyrektor plac\u00f3wki Lidia Walczak- I\u017cycka \u00a0<\/span><\/span><\/p>\n","protected":false},"excerpt":{"rendered":"<p>Szanowni Pa\u0144stwo! Zgodnie z obowi\u0105zuj\u0105cymi procedurami dotycz\u0105cymi wakacyjnej opieki nad dzie\u0107mi w plac\u00f3wkach o\u015bwiatowych, prosz\u0119 o zapoznanie si\u0119 i dostarczenie do plac\u00f3wki\/ skrzynka w holu\/\u00a0 do 31 maja deklaracji Deklaracja [&hellip;]<\/p>\n","protected":false},"author":115,"featured_media":0,"comment_status":"closed","ping_status":"closed","sticky":false,"template":"","format":"standard","meta":{"ngg_post_thumbnail":0,"footnotes":""},"categories":[3],"tags":[],"class_list":["post-9046","post","type-post","status-publish","format-standard","hentry","category-aktualnosci","clearfix"],"_links":{"self":[{"href":"https:\/\/przedszkole18.edu.wroclaw.pl\/index.php\/wp-json\/wp\/v2\/posts\/9046","targetHints":{"allow":["GET"]}}],"collection":[{"href":"https:\/\/przedszkole18.edu.wroclaw.pl\/index.php\/wp-json\/wp\/v2\/posts"}],"about":[{"href":"https:\/\/przedszkole18.edu.wroclaw.pl\/index.php\/wp-json\/wp\/v2\/types\/post"}],"author":[{"embeddable":true,"href":"https:\/\/przedszkole18.edu.wroclaw.pl\/index.php\/wp-json\/wp\/v2\/users\/115"}],"replies":[{"embeddable":true,"href":"https:\/\/przedszkole18.edu.wroclaw.pl\/index.php\/wp-json\/wp\/v2\/comments?post=9046"}],"version-history":[{"count":3,"href":"https:\/\/przedszkole18.edu.wroclaw.pl\/index.php\/wp-json\/wp\/v2\/posts\/9046\/revisions"}],"predecessor-version":[{"id":9050,"href":"https:\/\/przedszkole18.edu.wroclaw.pl\/index.php\/wp-json\/wp\/v2\/posts\/9046\/revisions\/9050"}],"wp:attachment":[{"href":"https:\/\/przedszkole18.edu.wroclaw.pl\/index.php\/wp-json\/wp\/v2\/media?parent=9046"}],"wp:term":[{"taxonomy":"category","embeddable":true,"href":"https:\/\/przedszkole18.edu.wroclaw.pl\/index.php\/wp-json\/wp\/v2\/categories?post=9046"},{"taxonomy":"post_tag","embeddable":true,"href":"https:\/\/przedszkole18.edu.wroclaw.pl\/index.php\/wp-json\/wp\/v2\/tags?post=9046"}],"curies":[{"name":"wp","href":"https:\/\/api.w.org\/{rel}","templated":true}]}}