
{"id":9077,"date":"2023-05-18T17:54:55","date_gmt":"2023-05-18T15:54:55","guid":{"rendered":"https:\/\/przedszkole18.edu.wroclaw.pl\/?p=9077"},"modified":"2023-05-18T17:54:55","modified_gmt":"2023-05-18T15:54:55","slug":"xx-iii-przedszkolny-festiwal-piosenki-i-wiersza","status":"publish","type":"post","link":"https:\/\/przedszkole18.edu.wroclaw.pl\/index.php\/2023\/05\/18\/xx-iii-przedszkolny-festiwal-piosenki-i-wiersza\/","title":{"rendered":"XX III Przedszkolny Festiwal Piosenki i Wiersza"},"content":{"rendered":"<p><span style=\"font-size: 14pt;color: #008000\">1<strong>9 maja 10.15\u00a0 nasze wewn\u0119trzne \u015bwi\u0119to piosenki i wiersza. Bardzo prosimy o od\u015bwi\u0119tne stroje.<\/strong><\/span><\/p>\n<p><span style=\"font-size: 14pt;color: #008000\"><strong>Mi\u0142o nam b\u0119dzie, wys\u0142ucha\u0107 wsp\u00f3lnie przygotowanych wierszy i piosenek. Obiecujemy zamie\u015bci\u0107 kilka zdj\u0119\u0107. Pozdrawiamy i do zobaczenia.<\/strong> \u00a0 <\/span><\/p>\n","protected":false},"excerpt":{"rendered":"<p>19 maja 10.15\u00a0 nasze wewn\u0119trzne \u015bwi\u0119to piosenki i wiersza. Bardzo prosimy o od\u015bwi\u0119tne stroje. Mi\u0142o nam b\u0119dzie, wys\u0142ucha\u0107 wsp\u00f3lnie przygotowanych wierszy i piosenek. Obiecujemy zamie\u015bci\u0107 kilka zdj\u0119\u0107. Pozdrawiamy i do [&hellip;]<\/p>\n","protected":false},"author":115,"featured_media":6127,"comment_status":"closed","ping_status":"closed","sticky":false,"template":"","format":"standard","meta":{"ngg_post_thumbnail":0,"footnotes":""},"categories":[3],"tags":[],"class_list":["post-9077","post","type-post","status-publish","format-standard","has-post-thumbnail","hentry","category-aktualnosci","clearfix"],"_links":{"self":[{"href":"https:\/\/przedszkole18.edu.wroclaw.pl\/index.php\/wp-json\/wp\/v2\/posts\/9077","targetHints":{"allow":["GET"]}}],"collection":[{"href":"https:\/\/przedszkole18.edu.wroclaw.pl\/index.php\/wp-json\/wp\/v2\/posts"}],"about":[{"href":"https:\/\/przedszkole18.edu.wroclaw.pl\/index.php\/wp-json\/wp\/v2\/types\/post"}],"author":[{"embeddable":true,"href":"https:\/\/przedszkole18.edu.wroclaw.pl\/index.php\/wp-json\/wp\/v2\/users\/115"}],"replies":[{"embeddable":true,"href":"https:\/\/przedszkole18.edu.wroclaw.pl\/index.php\/wp-json\/wp\/v2\/comments?post=9077"}],"version-history":[{"count":1,"href":"https:\/\/przedszkole18.edu.wroclaw.pl\/index.php\/wp-json\/wp\/v2\/posts\/9077\/revisions"}],"predecessor-version":[{"id":9078,"href":"https:\/\/przedszkole18.edu.wroclaw.pl\/index.php\/wp-json\/wp\/v2\/posts\/9077\/revisions\/9078"}],"wp:featuredmedia":[{"embeddable":true,"href":"https:\/\/przedszkole18.edu.wroclaw.pl\/index.php\/wp-json\/wp\/v2\/media\/6127"}],"wp:attachment":[{"href":"https:\/\/przedszkole18.edu.wroclaw.pl\/index.php\/wp-json\/wp\/v2\/media?parent=9077"}],"wp:term":[{"taxonomy":"category","embeddable":true,"href":"https:\/\/przedszkole18.edu.wroclaw.pl\/index.php\/wp-json\/wp\/v2\/categories?post=9077"},{"taxonomy":"post_tag","embeddable":true,"href":"https:\/\/przedszkole18.edu.wroclaw.pl\/index.php\/wp-json\/wp\/v2\/tags?post=9077"}],"curies":[{"name":"wp","href":"https:\/\/api.w.org\/{rel}","templated":true}]}}