
{"id":9148,"date":"2023-05-21T17:18:36","date_gmt":"2023-05-21T15:18:36","guid":{"rendered":"https:\/\/przedszkole18.edu.wroclaw.pl\/?p=9148"},"modified":"2023-05-21T17:18:36","modified_gmt":"2023-05-21T15:18:36","slug":"sprintem-do-maratonu","status":"publish","type":"post","link":"https:\/\/przedszkole18.edu.wroclaw.pl\/index.php\/2023\/05\/21\/sprintem-do-maratonu\/","title":{"rendered":"SPRINTEM DO MARATONU!"},"content":{"rendered":"<p>Wspania\u0142a zabawa na Akcji &#8222;Sprintem do Maratonu&#8221; w naszym przedszkolu!<\/p>\n<p>Dnia 9 maja 2023 roku odby\u0142a si\u0119 akcja &#8211; &#8222;Sprintem do Maratonu&#8221;. Cieszymy si\u0119, \u017ce wszystkie nasze przedszkolaki wzi\u0119\u0142y w niej udzia\u0142 i mia\u0142y okazj\u0119 prze\u017cy\u0107 niezapomnian\u0105 przygod\u0119!<\/p>\n<p>Tego dnia nasze przedszkole zamieni\u0142o si\u0119 w prawdziwe pole do biegania. Dzieci oczekiwa\u0142y tego wydarzenia z ogromnym podekscytowaniem i nie zawiod\u0142y\u015bmy si\u0119 ani troch\u0119. Od samego pocz\u0105tku panowa\u0142a niesamowita energia i rado\u015b\u0107.<\/p>\n<p>Wszystkie grupy przedszkolne przygotowa\u0142y si\u0119 do biegu marato\u0144skiego, w kt\u00f3rym wszyscy mogli wzi\u0105\u0107 udzia\u0142. Maluchy mia\u0142y okazj\u0119 pokaza\u0107 swoje umiej\u0119tno\u015bci biegowe, a tak\u017ce zdrow\u0105 rywalizacj\u0119. Nawet najm\u0142odsze przedszkolaki z ogromnym zaanga\u017cowaniem pobieg\u0142y po swoje marzenie &#8211; osi\u0105gni\u0119cie mety!<\/p>\n<p>Pomimo m\u0142odego wieku, nasi przedszkolacy byli niesamowicie zdeterminowani i nieustraszeni. Ich u\u015bmiechy i radosne okrzyki dopingowe dawa\u0142y im si\u0142\u0119 do pokonania ka\u017cdego kroku.<\/p>\n<p><img loading=\"lazy\" decoding=\"async\" class=\"alignnone wp-image-9150 size-large\" src=\"https:\/\/przedszkole18.edu.wroclaw.pl\/wp-content\/uploads\/sites\/36\/2023\/05\/1684678724928-1024x1024.jpg\" alt=\"\" width=\"1024\" height=\"1024\" \/> <img loading=\"lazy\" decoding=\"async\" class=\"alignnone wp-image-9151 size-large\" src=\"https:\/\/przedszkole18.edu.wroclaw.pl\/wp-content\/uploads\/sites\/36\/2023\/05\/1684678724941-1024x1024.jpg\" alt=\"\" width=\"1024\" height=\"1024\" \/> <img loading=\"lazy\" decoding=\"async\" class=\"alignnone wp-image-9152 size-large\" src=\"https:\/\/przedszkole18.edu.wroclaw.pl\/wp-content\/uploads\/sites\/36\/2023\/05\/1684678724956-1024x1024.jpg\" alt=\"\" width=\"1024\" height=\"1024\" \/> <img loading=\"lazy\" decoding=\"async\" class=\"alignnone wp-image-9153 size-large\" src=\"https:\/\/przedszkole18.edu.wroclaw.pl\/wp-content\/uploads\/sites\/36\/2023\/05\/1684678746923-1024x1024.jpg\" alt=\"\" width=\"1024\" height=\"1024\" \/> <img loading=\"lazy\" decoding=\"async\" class=\"alignnone wp-image-9154 size-large\" src=\"https:\/\/przedszkole18.edu.wroclaw.pl\/wp-content\/uploads\/sites\/36\/2023\/05\/1684678746935-1024x1024.jpg\" alt=\"\" width=\"1024\" height=\"1024\" \/><\/p>\n<p><img loading=\"lazy\" decoding=\"async\" class=\"alignnone wp-image-9155 size-large\" src=\"https:\/\/przedszkole18.edu.wroclaw.pl\/wp-content\/uploads\/sites\/36\/2023\/05\/1684682211846-768x1024.jpeg\" alt=\"\" width=\"768\" height=\"1024\" \/> <img loading=\"lazy\" decoding=\"async\" class=\"alignnone wp-image-9156 size-large\" src=\"https:\/\/przedszkole18.edu.wroclaw.pl\/wp-content\/uploads\/sites\/36\/2023\/05\/1684682211857-768x1024.jpeg\" alt=\"\" width=\"768\" height=\"1024\" \/> <img loading=\"lazy\" decoding=\"async\" class=\"alignnone wp-image-9157 size-large\" src=\"https:\/\/przedszkole18.edu.wroclaw.pl\/wp-content\/uploads\/sites\/36\/2023\/05\/1684682211868-768x1024.jpeg\" alt=\"\" width=\"768\" height=\"1024\" \/><\/p>\n","protected":false},"excerpt":{"rendered":"<p>Wspania\u0142a zabawa na Akcji &#8222;Sprintem do Maratonu&#8221; w naszym przedszkolu! Dnia 9 maja 2023 roku odby\u0142a si\u0119 akcja &#8211; &#8222;Sprintem do Maratonu&#8221;. Cieszymy si\u0119, \u017ce wszystkie nasze przedszkolaki wzi\u0119\u0142y w [&hellip;]<\/p>\n","protected":false},"author":112,"featured_media":0,"comment_status":"closed","ping_status":"closed","sticky":false,"template":"","format":"standard","meta":{"ngg_post_thumbnail":0,"footnotes":""},"categories":[3],"tags":[],"class_list":["post-9148","post","type-post","status-publish","format-standard","hentry","category-aktualnosci","clearfix"],"_links":{"self":[{"href":"https:\/\/przedszkole18.edu.wroclaw.pl\/index.php\/wp-json\/wp\/v2\/posts\/9148","targetHints":{"allow":["GET"]}}],"collection":[{"href":"https:\/\/przedszkole18.edu.wroclaw.pl\/index.php\/wp-json\/wp\/v2\/posts"}],"about":[{"href":"https:\/\/przedszkole18.edu.wroclaw.pl\/index.php\/wp-json\/wp\/v2\/types\/post"}],"author":[{"embeddable":true,"href":"https:\/\/przedszkole18.edu.wroclaw.pl\/index.php\/wp-json\/wp\/v2\/users\/112"}],"replies":[{"embeddable":true,"href":"https:\/\/przedszkole18.edu.wroclaw.pl\/index.php\/wp-json\/wp\/v2\/comments?post=9148"}],"version-history":[{"count":1,"href":"https:\/\/przedszkole18.edu.wroclaw.pl\/index.php\/wp-json\/wp\/v2\/posts\/9148\/revisions"}],"predecessor-version":[{"id":9158,"href":"https:\/\/przedszkole18.edu.wroclaw.pl\/index.php\/wp-json\/wp\/v2\/posts\/9148\/revisions\/9158"}],"wp:attachment":[{"href":"https:\/\/przedszkole18.edu.wroclaw.pl\/index.php\/wp-json\/wp\/v2\/media?parent=9148"}],"wp:term":[{"taxonomy":"category","embeddable":true,"href":"https:\/\/przedszkole18.edu.wroclaw.pl\/index.php\/wp-json\/wp\/v2\/categories?post=9148"},{"taxonomy":"post_tag","embeddable":true,"href":"https:\/\/przedszkole18.edu.wroclaw.pl\/index.php\/wp-json\/wp\/v2\/tags?post=9148"}],"curies":[{"name":"wp","href":"https:\/\/api.w.org\/{rel}","templated":true}]}}