
{"id":9162,"date":"2023-05-24T11:47:23","date_gmt":"2023-05-24T09:47:23","guid":{"rendered":"https:\/\/przedszkole18.edu.wroclaw.pl\/?p=9162"},"modified":"2023-05-24T11:48:26","modified_gmt":"2023-05-24T09:48:26","slug":"festyn-rodzinny-w-wiolinku-2","status":"publish","type":"post","link":"https:\/\/przedszkole18.edu.wroclaw.pl\/index.php\/2023\/05\/24\/festyn-rodzinny-w-wiolinku-2\/","title":{"rendered":"FESTYN  RODZINNY W &#8222;WIOLINKU&#8221;"},"content":{"rendered":"<p><span style=\"color: #008000\"><strong><span style=\"font-size: 14pt\">Kochane dzieci, drodzy rodzice! <\/span><\/strong><\/span><\/p>\n<p><span style=\"color: #008000\"><strong><span style=\"font-size: 14pt\"><span style=\"color: #800000\">Zapraszamy na Festyn Rodzinny 01.06.2023r., startujemy w ogrodzie przedszkolnym o\u00a0 godzinie 15.30<\/span> <\/span><\/strong><\/span><\/p>\n<p><span style=\"color: #008000\"><strong><span style=\"font-size: 14pt\">W programie;<\/span><\/strong><\/span><\/p>\n<p><span style=\"color: #000080\"><strong><span style=\"font-size: 14pt\">-wyst\u0119py wszystkich grup<\/span><\/strong><\/span><\/p>\n<p><span style=\"color: #000080\"><strong><span style=\"font-size: 14pt\">-zabawy sportowe<\/span><\/strong><\/span><\/p>\n<p><span style=\"color: #000080\"><strong><span style=\"font-size: 14pt\">-kodowanie<\/span><\/strong><\/span><\/p>\n<p><span style=\"color: #000080\"><strong><span style=\"font-size: 14pt\">-foto budka, wizyta w ZOO<\/span><\/strong><\/span><\/p>\n<p><span style=\"color: #000080\"><strong><span style=\"font-size: 14pt\">-malowanie na streczu<\/span><\/strong><\/span><\/p>\n<p><span style=\"color: #000080\"><strong><span style=\"font-size: 14pt\">-malowanie twarzy<\/span><\/strong><\/span><\/p>\n<p><span style=\"color: #000080\"><strong><span style=\"font-size: 14pt\">-grill<\/span><\/strong><\/span><\/p>\n<p><span style=\"color: #000080\"><strong><span style=\"font-size: 14pt\">-s\u0142odka niespodzianka &#8211; kawiarenka z Waszymi wypiekami\u00a0<\/span><\/strong><\/span><\/p>\n<p><span style=\"color: #008080;font-size: 12pt\"><strong>Powod\u00f3w do spotkania wiele, Dzie\u0144 Dziecka, Dzie\u0144 Mamy i Taty&#8230;&#8230;, a mo\u017ce te\u017c,\u00a0 wsp\u00f3lne sp\u0119dzanie czasu w mi\u0142ym towarzystwie i zielonym ogrodzie.\u00a0<\/strong><\/span><\/p>\n<p><span style=\"color: #008080;font-size: 12pt\"><strong>Zapraszamy serdecznie. Pozdrawiamy i \u017cyczymy du\u017co zdrowia. <\/strong><\/span><\/p>\n<p>&nbsp;<\/p>\n<p>&nbsp;<\/p>\n<p>&nbsp;<\/p>\n","protected":false},"excerpt":{"rendered":"<p>Kochane dzieci, drodzy rodzice! Zapraszamy na Festyn Rodzinny 01.06.2023r., startujemy w ogrodzie przedszkolnym o\u00a0 godzinie 15.30 W programie; -wyst\u0119py wszystkich grup -zabawy sportowe -kodowanie -foto budka, wizyta w ZOO -malowanie [&hellip;]<\/p>\n","protected":false},"author":115,"featured_media":9029,"comment_status":"closed","ping_status":"closed","sticky":false,"template":"","format":"standard","meta":{"ngg_post_thumbnail":0,"footnotes":""},"categories":[3],"tags":[],"class_list":["post-9162","post","type-post","status-publish","format-standard","has-post-thumbnail","hentry","category-aktualnosci","clearfix"],"_links":{"self":[{"href":"https:\/\/przedszkole18.edu.wroclaw.pl\/index.php\/wp-json\/wp\/v2\/posts\/9162","targetHints":{"allow":["GET"]}}],"collection":[{"href":"https:\/\/przedszkole18.edu.wroclaw.pl\/index.php\/wp-json\/wp\/v2\/posts"}],"about":[{"href":"https:\/\/przedszkole18.edu.wroclaw.pl\/index.php\/wp-json\/wp\/v2\/types\/post"}],"author":[{"embeddable":true,"href":"https:\/\/przedszkole18.edu.wroclaw.pl\/index.php\/wp-json\/wp\/v2\/users\/115"}],"replies":[{"embeddable":true,"href":"https:\/\/przedszkole18.edu.wroclaw.pl\/index.php\/wp-json\/wp\/v2\/comments?post=9162"}],"version-history":[{"count":2,"href":"https:\/\/przedszkole18.edu.wroclaw.pl\/index.php\/wp-json\/wp\/v2\/posts\/9162\/revisions"}],"predecessor-version":[{"id":9165,"href":"https:\/\/przedszkole18.edu.wroclaw.pl\/index.php\/wp-json\/wp\/v2\/posts\/9162\/revisions\/9165"}],"wp:featuredmedia":[{"embeddable":true,"href":"https:\/\/przedszkole18.edu.wroclaw.pl\/index.php\/wp-json\/wp\/v2\/media\/9029"}],"wp:attachment":[{"href":"https:\/\/przedszkole18.edu.wroclaw.pl\/index.php\/wp-json\/wp\/v2\/media?parent=9162"}],"wp:term":[{"taxonomy":"category","embeddable":true,"href":"https:\/\/przedszkole18.edu.wroclaw.pl\/index.php\/wp-json\/wp\/v2\/categories?post=9162"},{"taxonomy":"post_tag","embeddable":true,"href":"https:\/\/przedszkole18.edu.wroclaw.pl\/index.php\/wp-json\/wp\/v2\/tags?post=9162"}],"curies":[{"name":"wp","href":"https:\/\/api.w.org\/{rel}","templated":true}]}}