
{"id":9171,"date":"2023-05-29T11:17:22","date_gmt":"2023-05-29T09:17:22","guid":{"rendered":"https:\/\/przedszkole18.edu.wroclaw.pl\/?p=9171"},"modified":"2023-05-29T11:17:22","modified_gmt":"2023-05-29T09:17:22","slug":"festyn","status":"publish","type":"post","link":"https:\/\/przedszkole18.edu.wroclaw.pl\/index.php\/2023\/05\/29\/festyn\/","title":{"rendered":"Festyn!"},"content":{"rendered":"<p><span style=\"font-size: 14pt;color: #003366\"><strong>Szanowni Pa\u0144stwo !<\/strong> <\/span><\/p>\n<p><span style=\"font-size: 14pt;color: #003366\"><strong><span style=\"color: #008000\">Ogr\u00f3d przedszkolny jest pi\u0119kny ale b\u0119dzie jeszcze pi\u0119kniejszy,\u00a0 gdy zobaczymy w nim serduszka na patyku przygotowane przez dzieci i rodzic\u00f3w. Zapraszam Was zatem, do wsp\u00f3lnej zabawy z dzie\u0107mi &#8222;Serduszko w ogrodzie&#8221; przygotujcie i w czwartek rano przyprowadzaj\u0105c dzieci, wbijcie swoje prace w dowolnym miejscu w ogrodzie przedszkolnym, b\u0119dzie nam mi\u0142o.<\/span> <\/strong><\/span><\/p>\n<p><span style=\"color: #800080\"><span style=\"font-size: 14pt\"><strong>Kawiarenka festynowa czeka na ciasta, kt\u00f3re jak zawsze przygotowuj\u0105 rodzice\/3-4 blaszki z ka\u017cdej grupy\/ Jeste\u015bmy ciekawi i spragnieni,\u00a0 Waszych pysznych wypiek\u00f3w. Pozdrawiamy ciep\u0142o i do zobaczenia na festynie.\u00a0<\/strong><\/span>\u00a0<\/span><\/p>\n","protected":false},"excerpt":{"rendered":"<p>Szanowni Pa\u0144stwo ! Ogr\u00f3d przedszkolny jest pi\u0119kny ale b\u0119dzie jeszcze pi\u0119kniejszy,\u00a0 gdy zobaczymy w nim serduszka na patyku przygotowane przez dzieci i rodzic\u00f3w. Zapraszam Was zatem, do wsp\u00f3lnej zabawy z [&hellip;]<\/p>\n","protected":false},"author":115,"featured_media":9029,"comment_status":"closed","ping_status":"closed","sticky":false,"template":"","format":"standard","meta":{"ngg_post_thumbnail":0,"footnotes":""},"categories":[3],"tags":[],"class_list":["post-9171","post","type-post","status-publish","format-standard","has-post-thumbnail","hentry","category-aktualnosci","clearfix"],"_links":{"self":[{"href":"https:\/\/przedszkole18.edu.wroclaw.pl\/index.php\/wp-json\/wp\/v2\/posts\/9171","targetHints":{"allow":["GET"]}}],"collection":[{"href":"https:\/\/przedszkole18.edu.wroclaw.pl\/index.php\/wp-json\/wp\/v2\/posts"}],"about":[{"href":"https:\/\/przedszkole18.edu.wroclaw.pl\/index.php\/wp-json\/wp\/v2\/types\/post"}],"author":[{"embeddable":true,"href":"https:\/\/przedszkole18.edu.wroclaw.pl\/index.php\/wp-json\/wp\/v2\/users\/115"}],"replies":[{"embeddable":true,"href":"https:\/\/przedszkole18.edu.wroclaw.pl\/index.php\/wp-json\/wp\/v2\/comments?post=9171"}],"version-history":[{"count":1,"href":"https:\/\/przedszkole18.edu.wroclaw.pl\/index.php\/wp-json\/wp\/v2\/posts\/9171\/revisions"}],"predecessor-version":[{"id":9172,"href":"https:\/\/przedszkole18.edu.wroclaw.pl\/index.php\/wp-json\/wp\/v2\/posts\/9171\/revisions\/9172"}],"wp:featuredmedia":[{"embeddable":true,"href":"https:\/\/przedszkole18.edu.wroclaw.pl\/index.php\/wp-json\/wp\/v2\/media\/9029"}],"wp:attachment":[{"href":"https:\/\/przedszkole18.edu.wroclaw.pl\/index.php\/wp-json\/wp\/v2\/media?parent=9171"}],"wp:term":[{"taxonomy":"category","embeddable":true,"href":"https:\/\/przedszkole18.edu.wroclaw.pl\/index.php\/wp-json\/wp\/v2\/categories?post=9171"},{"taxonomy":"post_tag","embeddable":true,"href":"https:\/\/przedszkole18.edu.wroclaw.pl\/index.php\/wp-json\/wp\/v2\/tags?post=9171"}],"curies":[{"name":"wp","href":"https:\/\/api.w.org\/{rel}","templated":true}]}}