
{"id":9202,"date":"2023-06-09T15:25:03","date_gmt":"2023-06-09T13:25:03","guid":{"rendered":"https:\/\/przedszkole18.edu.wroclaw.pl\/?p=9202"},"modified":"2023-06-09T15:25:03","modified_gmt":"2023-06-09T13:25:03","slug":"dziekujemy-3","status":"publish","type":"post","link":"https:\/\/przedszkole18.edu.wroclaw.pl\/index.php\/2023\/06\/09\/dziekujemy-3\/","title":{"rendered":"Dzi\u0119kujemy !"},"content":{"rendered":"<p><span style=\"font-size: 18pt;color: #008000\"><em><strong>Kochani !<\/strong> <\/em><\/span><\/p>\n<p><span style=\"font-size: 14pt;color: #000080\"><strong><em><span style=\"color: #008080\">W imieniu dzieci i wszystkich\u00a0 pracownik\u00f3w przedszkola,\u00a0 bardzo serdecznie dzi\u0119kuj\u0119 za Wasz udzia\u0142 i\u00a0 zaanga\u017cowanie podczas Festynu Rodzinnego.\u00a0 Dochodz\u0105 do Nas, Wasze dobre s\u0142owa i \u017cyczliwe nastawienie do podejmowanych przez nas dzia\u0142a\u0144.<\/span>\u00a0<\/em><\/strong><\/span><\/p>\n<p><span style=\"font-size: 14pt;color: #000080\"><span style=\"color: #008080\"><strong><em> My\u015bl\u0119, \u017ce w &#8221; Wiolinku&#8221;\u00a0 Dzie\u0144 \u017cyczliwo\u015bci\u00a0 jest codziennie.\u00a0 Bardzo, bardzo\u00a0 dzi\u0119kuj\u0119.\u00a0 <\/em><\/strong><\/span><span style=\"color: #666699;font-size: 12pt\">Dyrektor plac\u00f3wki Lidia Walczak-I\u017cycka<\/span><\/span><\/p>\n","protected":false},"excerpt":{"rendered":"<p>Kochani ! W imieniu dzieci i wszystkich\u00a0 pracownik\u00f3w przedszkola,\u00a0 bardzo serdecznie dzi\u0119kuj\u0119 za Wasz udzia\u0142 i\u00a0 zaanga\u017cowanie podczas Festynu Rodzinnego.\u00a0 Dochodz\u0105 do Nas, Wasze dobre s\u0142owa i \u017cyczliwe nastawienie do [&hellip;]<\/p>\n","protected":false},"author":115,"featured_media":0,"comment_status":"closed","ping_status":"closed","sticky":false,"template":"","format":"standard","meta":{"ngg_post_thumbnail":0,"footnotes":""},"categories":[3],"tags":[],"class_list":["post-9202","post","type-post","status-publish","format-standard","hentry","category-aktualnosci","clearfix"],"_links":{"self":[{"href":"https:\/\/przedszkole18.edu.wroclaw.pl\/index.php\/wp-json\/wp\/v2\/posts\/9202","targetHints":{"allow":["GET"]}}],"collection":[{"href":"https:\/\/przedszkole18.edu.wroclaw.pl\/index.php\/wp-json\/wp\/v2\/posts"}],"about":[{"href":"https:\/\/przedszkole18.edu.wroclaw.pl\/index.php\/wp-json\/wp\/v2\/types\/post"}],"author":[{"embeddable":true,"href":"https:\/\/przedszkole18.edu.wroclaw.pl\/index.php\/wp-json\/wp\/v2\/users\/115"}],"replies":[{"embeddable":true,"href":"https:\/\/przedszkole18.edu.wroclaw.pl\/index.php\/wp-json\/wp\/v2\/comments?post=9202"}],"version-history":[{"count":1,"href":"https:\/\/przedszkole18.edu.wroclaw.pl\/index.php\/wp-json\/wp\/v2\/posts\/9202\/revisions"}],"predecessor-version":[{"id":9203,"href":"https:\/\/przedszkole18.edu.wroclaw.pl\/index.php\/wp-json\/wp\/v2\/posts\/9202\/revisions\/9203"}],"wp:attachment":[{"href":"https:\/\/przedszkole18.edu.wroclaw.pl\/index.php\/wp-json\/wp\/v2\/media?parent=9202"}],"wp:term":[{"taxonomy":"category","embeddable":true,"href":"https:\/\/przedszkole18.edu.wroclaw.pl\/index.php\/wp-json\/wp\/v2\/categories?post=9202"},{"taxonomy":"post_tag","embeddable":true,"href":"https:\/\/przedszkole18.edu.wroclaw.pl\/index.php\/wp-json\/wp\/v2\/tags?post=9202"}],"curies":[{"name":"wp","href":"https:\/\/api.w.org\/{rel}","templated":true}]}}