
{"id":9241,"date":"2023-06-22T18:05:49","date_gmt":"2023-06-22T16:05:49","guid":{"rendered":"https:\/\/przedszkole18.edu.wroclaw.pl\/?p=9241"},"modified":"2023-06-22T18:08:30","modified_gmt":"2023-06-22T16:08:30","slug":"po-spektaklu","status":"publish","type":"post","link":"https:\/\/przedszkole18.edu.wroclaw.pl\/index.php\/2023\/06\/22\/po-spektaklu\/","title":{"rendered":"Po spektaklu."},"content":{"rendered":"<p><strong><span style=\"color: #008000\"><em>Wspomnienia\u00a0 &#8211; spotkanie z teatrem,\u00a0 <\/em><\/span><\/strong><strong><span style=\"color: #008000\"><em>Klaudii Lewandowskiej &#8222;Kraina bez s\u0142o\u0144ca&#8221; pi\u0119kne muzyczne przedstawienie. Dzieci zadowolone i zachwycone. A\u00a0 w jednej z g\u0142\u00f3wnych r\u00f3l, \u00a0 niecodzienny instrument WIBRAFON, na kt\u00f3rym mieli\u00a0 mo\u017cliwo\u015b\u0107 zagra\u0107 nasi wychowankowie. \u00a0<\/em> <\/span><\/strong><\/p>\n<p><img loading=\"lazy\" decoding=\"async\" class=\"alignnone size-medium wp-image-9233\" src=\"https:\/\/przedszkole18.edu.wroclaw.pl\/wp-content\/uploads\/sites\/36\/2023\/06\/img-20230621-wa0006-300x138.jpg\" alt=\"\" width=\"300\" height=\"138\" \/><img loading=\"lazy\" decoding=\"async\" class=\"alignnone size-medium wp-image-9236\" src=\"https:\/\/przedszkole18.edu.wroclaw.pl\/wp-content\/uploads\/sites\/36\/2023\/06\/img-20230621-wa0018-300x138.jpg\" alt=\"\" width=\"300\" height=\"138\" \/><img loading=\"lazy\" decoding=\"async\" class=\"alignnone size-medium wp-image-9238\" src=\"https:\/\/przedszkole18.edu.wroclaw.pl\/wp-content\/uploads\/sites\/36\/2023\/06\/img-20230621-wa0023-300x138.jpg\" alt=\"\" width=\"300\" height=\"138\" \/><img loading=\"lazy\" decoding=\"async\" class=\"alignnone size-medium wp-image-9235\" src=\"https:\/\/przedszkole18.edu.wroclaw.pl\/wp-content\/uploads\/sites\/36\/2023\/06\/img-20230621-wa0009-300x138.jpg\" alt=\"\" width=\"300\" height=\"138\" \/><img loading=\"lazy\" decoding=\"async\" class=\"alignnone size-medium wp-image-9240\" src=\"https:\/\/przedszkole18.edu.wroclaw.pl\/wp-content\/uploads\/sites\/36\/2023\/06\/img-20230621-wa0027-300x138.jpg\" alt=\"\" width=\"300\" height=\"138\" \/><img loading=\"lazy\" decoding=\"async\" class=\"alignnone size-medium wp-image-9237\" src=\"https:\/\/przedszkole18.edu.wroclaw.pl\/wp-content\/uploads\/sites\/36\/2023\/06\/img-20230621-wa0020-300x138.jpg\" alt=\"\" width=\"300\" height=\"138\" \/><img loading=\"lazy\" decoding=\"async\" class=\"alignnone size-medium wp-image-9239\" src=\"https:\/\/przedszkole18.edu.wroclaw.pl\/wp-content\/uploads\/sites\/36\/2023\/06\/img-20230621-wa0025-300x138.jpg\" alt=\"\" width=\"300\" height=\"138\" \/><\/p>\n","protected":false},"excerpt":{"rendered":"<p>Wspomnienia\u00a0 &#8211; spotkanie z teatrem,\u00a0 Klaudii Lewandowskiej &#8222;Kraina bez s\u0142o\u0144ca&#8221; pi\u0119kne muzyczne przedstawienie. Dzieci zadowolone i zachwycone. A\u00a0 w jednej z g\u0142\u00f3wnych r\u00f3l, \u00a0 niecodzienny instrument WIBRAFON, na kt\u00f3rym mieli\u00a0 [&hellip;]<\/p>\n","protected":false},"author":115,"featured_media":9029,"comment_status":"closed","ping_status":"closed","sticky":false,"template":"","format":"standard","meta":{"ngg_post_thumbnail":0,"footnotes":""},"categories":[3],"tags":[],"class_list":["post-9241","post","type-post","status-publish","format-standard","has-post-thumbnail","hentry","category-aktualnosci","clearfix"],"_links":{"self":[{"href":"https:\/\/przedszkole18.edu.wroclaw.pl\/index.php\/wp-json\/wp\/v2\/posts\/9241","targetHints":{"allow":["GET"]}}],"collection":[{"href":"https:\/\/przedszkole18.edu.wroclaw.pl\/index.php\/wp-json\/wp\/v2\/posts"}],"about":[{"href":"https:\/\/przedszkole18.edu.wroclaw.pl\/index.php\/wp-json\/wp\/v2\/types\/post"}],"author":[{"embeddable":true,"href":"https:\/\/przedszkole18.edu.wroclaw.pl\/index.php\/wp-json\/wp\/v2\/users\/115"}],"replies":[{"embeddable":true,"href":"https:\/\/przedszkole18.edu.wroclaw.pl\/index.php\/wp-json\/wp\/v2\/comments?post=9241"}],"version-history":[{"count":4,"href":"https:\/\/przedszkole18.edu.wroclaw.pl\/index.php\/wp-json\/wp\/v2\/posts\/9241\/revisions"}],"predecessor-version":[{"id":9245,"href":"https:\/\/przedszkole18.edu.wroclaw.pl\/index.php\/wp-json\/wp\/v2\/posts\/9241\/revisions\/9245"}],"wp:featuredmedia":[{"embeddable":true,"href":"https:\/\/przedszkole18.edu.wroclaw.pl\/index.php\/wp-json\/wp\/v2\/media\/9029"}],"wp:attachment":[{"href":"https:\/\/przedszkole18.edu.wroclaw.pl\/index.php\/wp-json\/wp\/v2\/media?parent=9241"}],"wp:term":[{"taxonomy":"category","embeddable":true,"href":"https:\/\/przedszkole18.edu.wroclaw.pl\/index.php\/wp-json\/wp\/v2\/categories?post=9241"},{"taxonomy":"post_tag","embeddable":true,"href":"https:\/\/przedszkole18.edu.wroclaw.pl\/index.php\/wp-json\/wp\/v2\/tags?post=9241"}],"curies":[{"name":"wp","href":"https:\/\/api.w.org\/{rel}","templated":true}]}}