
{"id":928,"date":"2020-03-25T22:21:03","date_gmt":"2020-03-25T21:21:03","guid":{"rendered":"https:\/\/przedszkole18.edu.wroclaw.pl\/?p=928"},"modified":"2020-03-25T22:21:03","modified_gmt":"2020-03-25T21:21:03","slug":"z-chopinem-za-pan-brat","status":"publish","type":"post","link":"https:\/\/przedszkole18.edu.wroclaw.pl\/index.php\/2020\/03\/25\/z-chopinem-za-pan-brat\/","title":{"rendered":"Z Chopinem za pan brat"},"content":{"rendered":"<p>Jak wygl\u0105da\u0142o mieszkanie Chopina w Pary\u017cu, a jak dom George Sand, w kt\u00f3rym Fryderyk sp\u0119dza\u0142 wakacje? Ile os\u00f3b liczy\u0142a rodzina polskiego kompozytora?<br \/>\nNarodowy Instytut Fryderyka Chopina udost\u0119pnia rodzicom i dzieciom specjaln\u0105 kolorowank\u0119 z ilustracjami autorstwa Katarzyny Walentynowicz, pozwalaj\u0105c\u0105 najm\u0142odszym pozna\u0107 \u017cycie wielkiego polskiego kompozytora.<\/p>\n<p>Poni\u017cej link do pobrania kolorowanki (aktywny jeszcze tydzie\u0144):<\/p>\n<p><a href=\"https:\/\/wetransfer.com\/downloads\/5eae96edeec5d60c5f3e438e39a69c8d20200321123301\/30e7d8?fbclid=IwAR3akoiWKdNfAbptbmyRwFEQXCRL2mdQTqzFA1oK2sIaGo5ObY3LGEV9J-E\">https:\/\/wetransfer.com\/downloads\/5eae96edeec5d60c5f3e438e39a69c8d20200321123301\/30e7d8?fbclid=IwAR3akoiWKdNfAbptbmyRwFEQXCRL2mdQTqzFA1oK2sIaGo5ObY3LGEV9J-E<\/a><\/p>\n<p>Zdj\u0119cia efekt\u00f3w wsp\u00f3lnego kolorowania mo\u017cna udost\u0119pnia\u0107 na facebookowej stronie NIFC. Zapraszamy do wsp\u00f3lnej zabawy!<\/p>\n<p>Filip Koz\u0142owski &#8211; nauczyciel muzyki<\/p>\n","protected":false},"excerpt":{"rendered":"<p>Jak wygl\u0105da\u0142o mieszkanie Chopina w Pary\u017cu, a jak dom George Sand, w kt\u00f3rym Fryderyk sp\u0119dza\u0142 wakacje? Ile os\u00f3b liczy\u0142a rodzina polskiego kompozytora? Narodowy Instytut Fryderyka Chopina udost\u0119pnia rodzicom i dzieciom [&hellip;]<\/p>\n","protected":false},"author":108,"featured_media":927,"comment_status":"closed","ping_status":"closed","sticky":false,"template":"","format":"standard","meta":{"ngg_post_thumbnail":0,"footnotes":""},"categories":[3],"tags":[],"class_list":["post-928","post","type-post","status-publish","format-standard","has-post-thumbnail","hentry","category-aktualnosci","clearfix"],"_links":{"self":[{"href":"https:\/\/przedszkole18.edu.wroclaw.pl\/index.php\/wp-json\/wp\/v2\/posts\/928","targetHints":{"allow":["GET"]}}],"collection":[{"href":"https:\/\/przedszkole18.edu.wroclaw.pl\/index.php\/wp-json\/wp\/v2\/posts"}],"about":[{"href":"https:\/\/przedszkole18.edu.wroclaw.pl\/index.php\/wp-json\/wp\/v2\/types\/post"}],"author":[{"embeddable":true,"href":"https:\/\/przedszkole18.edu.wroclaw.pl\/index.php\/wp-json\/wp\/v2\/users\/108"}],"replies":[{"embeddable":true,"href":"https:\/\/przedszkole18.edu.wroclaw.pl\/index.php\/wp-json\/wp\/v2\/comments?post=928"}],"version-history":[{"count":1,"href":"https:\/\/przedszkole18.edu.wroclaw.pl\/index.php\/wp-json\/wp\/v2\/posts\/928\/revisions"}],"predecessor-version":[{"id":929,"href":"https:\/\/przedszkole18.edu.wroclaw.pl\/index.php\/wp-json\/wp\/v2\/posts\/928\/revisions\/929"}],"wp:featuredmedia":[{"embeddable":true,"href":"https:\/\/przedszkole18.edu.wroclaw.pl\/index.php\/wp-json\/wp\/v2\/media\/927"}],"wp:attachment":[{"href":"https:\/\/przedszkole18.edu.wroclaw.pl\/index.php\/wp-json\/wp\/v2\/media?parent=928"}],"wp:term":[{"taxonomy":"category","embeddable":true,"href":"https:\/\/przedszkole18.edu.wroclaw.pl\/index.php\/wp-json\/wp\/v2\/categories?post=928"},{"taxonomy":"post_tag","embeddable":true,"href":"https:\/\/przedszkole18.edu.wroclaw.pl\/index.php\/wp-json\/wp\/v2\/tags?post=928"}],"curies":[{"name":"wp","href":"https:\/\/api.w.org\/{rel}","templated":true}]}}