
{"id":9280,"date":"2023-07-03T12:37:55","date_gmt":"2023-07-03T10:37:55","guid":{"rendered":"https:\/\/przedszkole18.edu.wroclaw.pl\/?p=9280"},"modified":"2023-07-14T14:14:18","modified_gmt":"2023-07-14T12:14:18","slug":"juz-wakacje","status":"publish","type":"post","link":"https:\/\/przedszkole18.edu.wroclaw.pl\/index.php\/2023\/07\/03\/juz-wakacje\/","title":{"rendered":"Ju\u017c wakacje!"},"content":{"rendered":"<p><em><span style=\"color: #008000\"><span style=\"font-size: 14pt\">Kochani \u017cyczymy s\u0142onecznych,\u00a0 radosnych i bezpiecznych wakacji. Wykorzystajcie wolny czas, na zabawy z rodzin\u0105\u00a0 i przyjaci\u00f3\u0142mi. <\/span><\/span><\/em><\/p>\n<p><em><span style=\"color: #008000\"><span style=\"font-size: 14pt\">Spacerujcie, podr\u00f3\u017cujcie i nie zapomnijcie o czytaniu &#8211; bo to jak podr\u00f3\u017c do miejsc, do kt\u00f3rych nie zd\u0105\u017cycie pojecha\u0107. <\/span><\/span><\/em><\/p>\n<p><span style=\"color: #333399\"><em><span style=\"font-size: 14pt\"><span style=\"color: #008000\">Pami\u0119tajcie o bezpiecze\u0144stwie, wracajcie zdrowi i wypocz\u0119cie, my tak\u017ce postaramy si\u0119 tacy wr\u00f3ci\u0107,\u00a0 po sierpniowej\u00a0 przerwie.<\/span><\/span><\/em><\/span><\/p>\n<p><span style=\"color: #333399\"><em> <span style=\"font-size: 12pt;color: #3366ff\"><span style=\"color: #666699\">Do zobaczenia \u017cyczymy du\u017co zdrowia. Dyrektor plac\u00f3wki Lidia Walczak-I\u017cycka.\u00a0<\/span> <\/span><\/em><\/span><\/p>\n","protected":false},"excerpt":{"rendered":"<p>Kochani \u017cyczymy s\u0142onecznych,\u00a0 radosnych i bezpiecznych wakacji. Wykorzystajcie wolny czas, na zabawy z rodzin\u0105\u00a0 i przyjaci\u00f3\u0142mi. Spacerujcie, podr\u00f3\u017cujcie i nie zapomnijcie o czytaniu &#8211; bo to jak podr\u00f3\u017c do miejsc, [&hellip;]<\/p>\n","protected":false},"author":115,"featured_media":0,"comment_status":"closed","ping_status":"closed","sticky":false,"template":"","format":"standard","meta":{"ngg_post_thumbnail":0,"footnotes":""},"categories":[3],"tags":[],"class_list":["post-9280","post","type-post","status-publish","format-standard","hentry","category-aktualnosci","clearfix"],"_links":{"self":[{"href":"https:\/\/przedszkole18.edu.wroclaw.pl\/index.php\/wp-json\/wp\/v2\/posts\/9280","targetHints":{"allow":["GET"]}}],"collection":[{"href":"https:\/\/przedszkole18.edu.wroclaw.pl\/index.php\/wp-json\/wp\/v2\/posts"}],"about":[{"href":"https:\/\/przedszkole18.edu.wroclaw.pl\/index.php\/wp-json\/wp\/v2\/types\/post"}],"author":[{"embeddable":true,"href":"https:\/\/przedszkole18.edu.wroclaw.pl\/index.php\/wp-json\/wp\/v2\/users\/115"}],"replies":[{"embeddable":true,"href":"https:\/\/przedszkole18.edu.wroclaw.pl\/index.php\/wp-json\/wp\/v2\/comments?post=9280"}],"version-history":[{"count":2,"href":"https:\/\/przedszkole18.edu.wroclaw.pl\/index.php\/wp-json\/wp\/v2\/posts\/9280\/revisions"}],"predecessor-version":[{"id":9301,"href":"https:\/\/przedszkole18.edu.wroclaw.pl\/index.php\/wp-json\/wp\/v2\/posts\/9280\/revisions\/9301"}],"wp:attachment":[{"href":"https:\/\/przedszkole18.edu.wroclaw.pl\/index.php\/wp-json\/wp\/v2\/media?parent=9280"}],"wp:term":[{"taxonomy":"category","embeddable":true,"href":"https:\/\/przedszkole18.edu.wroclaw.pl\/index.php\/wp-json\/wp\/v2\/categories?post=9280"},{"taxonomy":"post_tag","embeddable":true,"href":"https:\/\/przedszkole18.edu.wroclaw.pl\/index.php\/wp-json\/wp\/v2\/tags?post=9280"}],"curies":[{"name":"wp","href":"https:\/\/api.w.org\/{rel}","templated":true}]}}