
{"id":9304,"date":"2023-07-31T17:36:52","date_gmt":"2023-07-31T15:36:52","guid":{"rendered":"https:\/\/przedszkole18.edu.wroclaw.pl\/?p=9304"},"modified":"2023-07-31T17:38:57","modified_gmt":"2023-07-31T15:38:57","slug":"wazne-29","status":"publish","type":"post","link":"https:\/\/przedszkole18.edu.wroclaw.pl\/index.php\/2023\/07\/31\/wazne-29\/","title":{"rendered":"WA\u017bNE!"},"content":{"rendered":"<p><span style=\"color: #008000\"><span style=\"font-size: 14pt\">Szanowni Pa\u0144stwo! <\/span><\/span><\/p>\n<p><span style=\"color: #008000\"><span style=\"font-size: 14pt\">Poniedzia\u0142ek 31 lipca to ostatni dzie\u0144 pracy przedszkola, przed przerw\u0105 wakacyjn\u0105. Dzi\u0119kuj\u0119 wszystkim Pa\u0144stwu za czas sp\u0119dzony z nami a pracownikom przedszkola za to,\u00a0 \u017ce w ci\u0105gu ca\u0142ego roku dzielnie i wiernie mnie wspierali. Udanych wakacji i bezpiecznego wypoczynku.\u00a0<\/span> <\/span><\/p>\n<p><span style=\"font-size: 14pt;color: #000080\">D\u0142ugo odwleka\u0142am decyzje o podzieleniu si\u0119 z Pa\u0144stwem problemami zwi\u0105zanymi z brakiem kadry pedagogicznej, licz\u0105c na chocia\u017c cz\u0119\u015bciow\u0105 pozytywn\u0105 zmian\u0119. Niestety, wszystko wskazuje na to, \u017ce nowy rok szkolny rozpoczniemy z brakiem 5 nauczycieli a pozostali\u00a0\u00a0 b\u0119d\u0105\u00a0 pracowa\u0107 w godzinach nadliczbowych je\u017celi wyra\u017c\u0105 na to zgod\u0119 i nie b\u0119dzie to kolidowa\u0107 z ich innymi miejscami pracy\u00a0 W przypadku choroby nauczyciela\u00a0 b\u0119d\u0119 zmuszona dzieli\u0107 dzieci do innych grup. Kroki,\u00a0 kt\u00f3re jestem w stanie podj\u0105\u0107 to skr\u00f3cenie czasu pracy plac\u00f3wki od 7.00 do 17.00 oraz praca od godziny 15.30\u00a0 w grupach \u0142\u0105czonych.\u00a0 <\/span><\/p>\n<p><span style=\"font-size: 14pt;color: #000080\">Na chwil\u0119 obecn\u0105 struktura zatrudnienia nauczycieli w roku szkolnym 2023-2024 \u00a0 wygl\u0105da nast\u0119puj\u0105co:<\/span><\/p>\n<p><span style=\"font-size: 14pt;color: #000080\">grupa I &#8211; 1 nauczyciel, 1 wakat\u00a0 <\/span><\/p>\n<p><span style=\"font-size: 14pt;color: #000080\">grupa II &#8211; 2 wakaty\u00a0<\/span><\/p>\n<p><span style=\"font-size: 14pt;color: #000080\">grupa III a &#8211; 2 nauczycieli <\/span><\/p>\n<p><span style=\"font-size: 14pt;color: #000080\">grupa IV &#8211; 1 nauczyciel, 1 wakat\u00a0 <\/span><\/p>\n<p><span style=\"font-size: 14pt;color: #000080\">grupa IV a &#8211; 1 nauczyciel, 1 wakat <\/span><\/p>\n<p><span style=\"font-size: 14pt;color: #000080\">Wszyscy mamy \u015bwiadomo\u015b\u0107, \u017ce przedszkola borykaj\u0105 si\u0119 z problemami kadrowymi.\u00a0 Osobi\u015bcie od grudnia ubieg\u0142ego roku podejmuj\u0119 starania w celu pozyskania pracownik\u00f3w. Niestety bez rezultatu, jest wiele ofert ale brak odbiorc\u00f3w. Od pa\u017adziernika 2022 roku,\u00a0 sama uzupe\u0142niam braki kadrowe pe\u0142ni\u0105c funkcj\u0119 nauczyciela w grupie oraz dyrektora. Moja pro\u015bba do Pa\u0144stwa. Je\u017celi kto\u015b z Was\u00a0 ma znajomych z kwalifikacjami do pracy w plac\u00f3wkach przedszkolnych, chc\u0105cych podj\u0105\u0107 prac\u0119\u00a0 zaprasza do kontaktu.\u00a0 Pocieszaj\u0105ce dla mnie jest to, \u017ce nieobecne nauczycielki w chwili obecnej skupiaj\u0105 si\u0119 na opiece i wychowaniu\u00a0 w\u0142asnych pociech. <\/span><\/p>\n<p><span style=\"font-size: 14pt;color: #008000\">Szanowni Pa\u0144stwo, b\u0119d\u0119 szuka\u0107 i nadal czyni\u0107 starania o pozyskanie kadry pedagogicznej, pozostaje mi te\u017c nadzieja, \u017ce dzi\u0119ki moim pracownikom,\u00a0 pa\u0144stwa zrozumieniu i wsparciu\u00a0 przetrwamy ten trudny czas.\u00a0 Pozdrawiam Was serdecznie i \u017cycz\u0119 udanych wakacji. <span style=\"font-size: 12pt;color: #666699\">Dyrektor plac\u00f3wki Lidia Walczak-I\u017cycka\u00a0 \u00a0 <\/span><\/span><\/p>\n","protected":false},"excerpt":{"rendered":"<p>Szanowni Pa\u0144stwo! Poniedzia\u0142ek 31 lipca to ostatni dzie\u0144 pracy przedszkola, przed przerw\u0105 wakacyjn\u0105. Dzi\u0119kuj\u0119 wszystkim Pa\u0144stwu za czas sp\u0119dzony z nami a pracownikom przedszkola za to,\u00a0 \u017ce w ci\u0105gu ca\u0142ego [&hellip;]<\/p>\n","protected":false},"author":115,"featured_media":0,"comment_status":"closed","ping_status":"closed","sticky":false,"template":"","format":"standard","meta":{"ngg_post_thumbnail":0,"footnotes":""},"categories":[3],"tags":[],"class_list":["post-9304","post","type-post","status-publish","format-standard","hentry","category-aktualnosci","clearfix"],"_links":{"self":[{"href":"https:\/\/przedszkole18.edu.wroclaw.pl\/index.php\/wp-json\/wp\/v2\/posts\/9304","targetHints":{"allow":["GET"]}}],"collection":[{"href":"https:\/\/przedszkole18.edu.wroclaw.pl\/index.php\/wp-json\/wp\/v2\/posts"}],"about":[{"href":"https:\/\/przedszkole18.edu.wroclaw.pl\/index.php\/wp-json\/wp\/v2\/types\/post"}],"author":[{"embeddable":true,"href":"https:\/\/przedszkole18.edu.wroclaw.pl\/index.php\/wp-json\/wp\/v2\/users\/115"}],"replies":[{"embeddable":true,"href":"https:\/\/przedszkole18.edu.wroclaw.pl\/index.php\/wp-json\/wp\/v2\/comments?post=9304"}],"version-history":[{"count":2,"href":"https:\/\/przedszkole18.edu.wroclaw.pl\/index.php\/wp-json\/wp\/v2\/posts\/9304\/revisions"}],"predecessor-version":[{"id":9306,"href":"https:\/\/przedszkole18.edu.wroclaw.pl\/index.php\/wp-json\/wp\/v2\/posts\/9304\/revisions\/9306"}],"wp:attachment":[{"href":"https:\/\/przedszkole18.edu.wroclaw.pl\/index.php\/wp-json\/wp\/v2\/media?parent=9304"}],"wp:term":[{"taxonomy":"category","embeddable":true,"href":"https:\/\/przedszkole18.edu.wroclaw.pl\/index.php\/wp-json\/wp\/v2\/categories?post=9304"},{"taxonomy":"post_tag","embeddable":true,"href":"https:\/\/przedszkole18.edu.wroclaw.pl\/index.php\/wp-json\/wp\/v2\/tags?post=9304"}],"curies":[{"name":"wp","href":"https:\/\/api.w.org\/{rel}","templated":true}]}}