
{"id":9310,"date":"2023-08-23T14:12:27","date_gmt":"2023-08-23T12:12:27","guid":{"rendered":"https:\/\/przedszkole18.edu.wroclaw.pl\/?p=9310"},"modified":"2023-08-23T16:00:55","modified_gmt":"2023-08-23T14:00:55","slug":"rok-szkolny-2023-2024","status":"publish","type":"post","link":"https:\/\/przedszkole18.edu.wroclaw.pl\/index.php\/2023\/08\/23\/rok-szkolny-2023-2024\/","title":{"rendered":"Rok szkolny 2023-2024"},"content":{"rendered":"<p><span style=\"color: #0000ff\"><strong>Szanowni Pa\u0144stwo !<\/strong><\/span><\/p>\n<p><span style=\"color: #0000ff\"><strong>Pierwsze wa\u017cne informacje dotycz\u0105ce nowego roku szkolnego.<\/strong><\/span><\/p>\n<p><span style=\"color: #333399\"> Jak pisa\u0142am Pa\u0144stwu w poprzednich informacjach, borykamy si\u0119 z du\u017cymi problemami dotycz\u0105cymi zatrudnienia kadry pedagogicznej.\u00a0 Z informacji,\u00a0 kt\u00f3re\u00a0 posiadam,\u00a0 nie jeste\u015bmy w tym osamotnieni. Za\u00a0 zgod\u0105 Organu Prowadz\u0105cego i po akceptacji\u00a0 Rady Rodzic\u00f3w\u00a0 plac\u00f3wki\u00a0 w bie\u017c\u0105cym roku szkolnym pracujemy w godzinach 7.00-17.00 to pierwsza zmiana, kt\u00f3ra pozwoli nam na w\u0142a\u015bciwe planowanie pracy w ci\u0105gu roku szkolnego.<\/span><\/p>\n<p><span style=\"color: #333399\">Druga wa\u017cna informacja to zmiana w op\u0142acie za godziny pobytu w plac\u00f3wce zgodnie z Uchwa\u0142\u0105 Rady Miasta z dnia 22 czerwca 2023<\/span>.<\/p>\n<p><a href=\"https:\/\/przedszkole18.edu.wroclaw.pl\/wp-content\/uploads\/sites\/36\/2023\/08\/Oplata-za-godziny-Prezydent-Wroclawia-01.09.2023.pdf\">Op\u0142ata za godziny &#8211; Prezydent Wroc\u0142awia 01.09.2023<\/a><\/p>\n<p><span style=\"color: #0000ff\"><strong>Wszystkie dokumenty, kt\u00f3re potrzebne na nowy rok szkolny\u00a0 zamieszczam Pa\u0144stwu do pobrania.\u00a0 Obowi\u0105zuj\u0105 one wszystkich Pa\u0144stwa i powinny by\u0107 dostarczone na dzie\u0144 rozpocz\u0119cia roku szkolnego.\u00a0<\/strong> <\/span><\/p>\n<p><a href=\"https:\/\/przedszkole18.edu.wroclaw.pl\/wp-content\/uploads\/sites\/36\/2023\/08\/Deklaracja-pobytu-dziecka-w-P-18.-2023-24-doc.doc\">Deklaracja pobytu dziecka w P-18. 2023-24 doc<\/a><\/p>\n<p><a href=\"https:\/\/przedszkole18.edu.wroclaw.pl\/wp-content\/uploads\/sites\/36\/2023\/08\/Zgoda-na-wizerunek-2023-24-.docx\">Zgoda na wizerunek 2023-24<\/a><\/p>\n<p><a href=\"https:\/\/przedszkole18.edu.wroclaw.pl\/wp-content\/uploads\/sites\/36\/2023\/08\/Upowaznienie-do-odbioru-2023-24.doc\">Upowa\u017cnienie do odbioru 2023-24<\/a><\/p>\n<p><a href=\"https:\/\/przedszkole18.edu.wroclaw.pl\/wp-content\/uploads\/sites\/36\/2023\/08\/Wniosek-o-zwolnienie-z-oplaty-3-dzieci-.doc\">Wniosek o zwolnienie z op\u0142aty 3 dzieci<\/a><\/p>\n","protected":false},"excerpt":{"rendered":"<p>Szanowni Pa\u0144stwo ! Pierwsze wa\u017cne informacje dotycz\u0105ce nowego roku szkolnego. Jak pisa\u0142am Pa\u0144stwu w poprzednich informacjach, borykamy si\u0119 z du\u017cymi problemami dotycz\u0105cymi zatrudnienia kadry pedagogicznej.\u00a0 Z informacji,\u00a0 kt\u00f3re\u00a0 posiadam,\u00a0 nie [&hellip;]<\/p>\n","protected":false},"author":115,"featured_media":6067,"comment_status":"closed","ping_status":"closed","sticky":false,"template":"","format":"standard","meta":{"ngg_post_thumbnail":0,"footnotes":""},"categories":[3],"tags":[],"class_list":["post-9310","post","type-post","status-publish","format-standard","has-post-thumbnail","hentry","category-aktualnosci","clearfix"],"_links":{"self":[{"href":"https:\/\/przedszkole18.edu.wroclaw.pl\/index.php\/wp-json\/wp\/v2\/posts\/9310","targetHints":{"allow":["GET"]}}],"collection":[{"href":"https:\/\/przedszkole18.edu.wroclaw.pl\/index.php\/wp-json\/wp\/v2\/posts"}],"about":[{"href":"https:\/\/przedszkole18.edu.wroclaw.pl\/index.php\/wp-json\/wp\/v2\/types\/post"}],"author":[{"embeddable":true,"href":"https:\/\/przedszkole18.edu.wroclaw.pl\/index.php\/wp-json\/wp\/v2\/users\/115"}],"replies":[{"embeddable":true,"href":"https:\/\/przedszkole18.edu.wroclaw.pl\/index.php\/wp-json\/wp\/v2\/comments?post=9310"}],"version-history":[{"count":5,"href":"https:\/\/przedszkole18.edu.wroclaw.pl\/index.php\/wp-json\/wp\/v2\/posts\/9310\/revisions"}],"predecessor-version":[{"id":9324,"href":"https:\/\/przedszkole18.edu.wroclaw.pl\/index.php\/wp-json\/wp\/v2\/posts\/9310\/revisions\/9324"}],"wp:featuredmedia":[{"embeddable":true,"href":"https:\/\/przedszkole18.edu.wroclaw.pl\/index.php\/wp-json\/wp\/v2\/media\/6067"}],"wp:attachment":[{"href":"https:\/\/przedszkole18.edu.wroclaw.pl\/index.php\/wp-json\/wp\/v2\/media?parent=9310"}],"wp:term":[{"taxonomy":"category","embeddable":true,"href":"https:\/\/przedszkole18.edu.wroclaw.pl\/index.php\/wp-json\/wp\/v2\/categories?post=9310"},{"taxonomy":"post_tag","embeddable":true,"href":"https:\/\/przedszkole18.edu.wroclaw.pl\/index.php\/wp-json\/wp\/v2\/tags?post=9310"}],"curies":[{"name":"wp","href":"https:\/\/api.w.org\/{rel}","templated":true}]}}