
{"id":9319,"date":"2023-08-23T15:56:45","date_gmt":"2023-08-23T13:56:45","guid":{"rendered":"https:\/\/przedszkole18.edu.wroclaw.pl\/?p=9319"},"modified":"2023-08-23T16:03:07","modified_gmt":"2023-08-23T14:03:07","slug":"rodzice-3-latkow","status":"publish","type":"post","link":"https:\/\/przedszkole18.edu.wroclaw.pl\/index.php\/2023\/08\/23\/rodzice-3-latkow\/","title":{"rendered":"Rodzice 3 -latk\u00f3w"},"content":{"rendered":"<p><span style=\"color: #008000\"><strong><em>Rodzice 3 \u2013 latk\u00f3w, nowych wychowank\u00f3w!<\/em><\/strong><\/span><\/p>\n<p><span style=\"color: #008000\"><strong><em>Poni\u017cej przekazujemy gar\u015b\u0107 informacji na dobry pocz\u0105tek.<\/em><\/strong><\/span><\/p>\n<p>Pierwsze dni pobytu w przedszkolu, Pa\u0144stwa pociech b\u0119d\u0105 trudne dla wszystkich. Prosimy o wyrozumia\u0142o\u015b\u0107 oraz zaufanie naszemu do\u015bwiadczeniu. \u00a0Wszystkim nam chodzi o wsp\u00f3lny cel: rado\u015b\u0107, bezpiecze\u0144stwo i dobre samopoczucie\u00a0 dzieci, chocia\u017c nie zawsze b\u0119dzie to, takie widoczne ju\u017c od pierwszych chwil.<\/p>\n<p><span style=\"color: #008000\"><strong><em><u>Organizacja pracy w przedszkolu:<\/u><\/em><\/strong><\/span><\/p>\n<ul>\n<li>Przedszkole od 1 wrze\u015bnia otwarte b\u0119dzie w godzinach od <span style=\"color: #ff0000\">7:00 do 17:00<\/span><\/li>\n<li><u>Dzieci przyprowadzamy do godziny<span style=\"color: #ff0000\"> 8:30<\/span><\/u><\/li>\n<li>Informacje dotycz\u0105ce przydzia\u0142u do grupy, b\u0119dzie mo\u017cna uzyska\u0107 31 sierpnia w plac\u00f3wce.<\/li>\n<li>Nie podpisujemy z Pa\u0144stwem um\u00f3w o \u015bwiadczenie us\u0142ug z przedszkolem, gdy\u017c nie ma podstaw prawnych do zawierania przez dyrektor\u00f3w przedszkoli miejskich um\u00f3w cywilnoprawnych z rodzicami.<\/li>\n<li>Dokumentem, kt\u00f3ry b\u0119d\u0105 mieli Pa\u0144stwo do wype\u0142nienia to<strong>, <u><span style=\"color: #0000ff\">DEKLARACJA POBYTU DZIECKA, ZGODA NA WIZERUNEK, UPOWA\u017bNIENIE DO ODBIORU DZIECKA<\/span>, <\/u><\/strong>na rok szkolny 2023\/2024 ( do pobrania\u00a0 pod wpisem ). Wszystkie z\u0142\u0105czone dokumenty prosz\u0119 przekaza\u0107 do dnia rozpocz\u0119cia roku szkolnego do plac\u00f3wki.<\/li>\n<\/ul>\n<p><strong>\u00a0<\/strong>W pierwszym tygodniu wrze\u015bnia odb\u0119d\u0105 si\u0119 zebrania z rodzicami, podczas kt\u00f3rych przeka\u017cemy najistotniejsze informacje oraz odpowiemy na Pa\u0144stwa pytania. Prosimy \u015bledzi\u0107 nasz\u0105 stron\u0119 internetow\u0105;<\/p>\n<ul>\n<li>Zach\u0119camy do zapoznania si\u0119 ze Statutem naszego przedszkola\u00a0 w kt\u00f3rym zamieszone s\u0105 istotne informacje dotycz\u0105ce naszej dzia\u0142alno\u015bci.<\/li>\n<li>Dzieci w przedszkolu spo\u017cywaj\u0105 trzy posi\u0142ki: I \u015bniadanie \u2013godz. 8:30, II zupa + kanapka \u2013 godz.11:30, III drugie danie+ owoc\u00a0\u00a0 \u00a0\u2013 godz. 14:15<\/li>\n<\/ul>\n<p>W ci\u0105gu dnia dzieci 3 letnie odpoczywaj\u0105 na le\u017cakach. Ka\u017cde dziecko otrzymuje sw\u00f3j le\u017caczek.\u00a0<u><span style=\"color: #ff0000\">Prosimy o przyniesienie w pierwszym dniu pobytu dziecka &#8211; \u015bpiw\u00f3r dzieci\u0119cy, jasiek i pi\u017camk\u0119.<\/span>\u00a0 <\/u>Wszystkie rzeczy musz\u0105 by\u0107 widocznie i trwale podpisane.<\/p>\n<ul>\n<li>W szatniach ka\u017cde dziecko b\u0119dzie mia\u0142o przydzielon\u0105 i podpisan\u0105 szafk\u0119.<\/li>\n<li>Przypominam tak\u017ce, \u017ce , z uwagi na brak mo\u017cliwo\u015bci organizacyjnych przedszkole nie prowadzi diet \u017cywieniowych.<\/li>\n<\/ul>\n<p><span style=\"color: #008000\"><strong><em><u>Ju\u017c teraz zach\u0119cajcie Pa\u0144stwo swoj\u0105 pociech\u0119 do:<\/u><\/em><\/strong><\/span><\/p>\n<ul>\n<li>samodzielnego mycia r\u0105k;<\/li>\n<li>samodzielnego ubierania si\u0119, zak\u0142adania tego, co potrafi;<\/li>\n<li>samodzielnego korzystania z toalety i u\u017cywania papieru toaletowego;<\/li>\n<li>wycierania nosa w chusteczk\u0119;<\/li>\n<li>podejmowania przez dziecko pr\u00f3b samodzielnego zjadania posi\u0142k\u00f3w;<\/li>\n<li>codziennego spo\u017cywania owoc\u00f3w i warzyw do gryzienia;<\/li>\n<li>malowania farbami, rysowania kredkami, lepienia z plasteliny;<\/li>\n<li>chodzenia jak najwi\u0119cej, nie u\u017cywania w\u00f3zka i noszenia na r\u0119kach;<\/li>\n<\/ul>\n<p><span style=\"color: #008000\"><strong><em><u>Ubieranie dziecka do przedszkola:<\/u><\/em><\/strong><\/span><\/p>\n<ul>\n<li>najwa\u017cniejsze to, \u017ceby dziecko zna\u0142o swoje ubrania (nie dajemy nowo zakupionych);<\/li>\n<li>proponujemy, aby ubrania i kapcie by\u0142y podpisane;<\/li>\n<li>ubranie ma by\u0107 wygodne, \u0142atwe dla dziecka do ubierania;<\/li>\n<li>proponujemy spodnie, sp\u00f3dniczki na gumk\u0119;<\/li>\n<li>ubieranie na <em>cebulk\u0119<\/em>, kt\u00f3re najlepiej zabezpiecza przed przegrzaniem lub zzi\u0119bni\u0119ciem;<\/li>\n<li>nakrycie g\u0142owy, tak\u017ce w okresie letnim;<\/li>\n<li>buty wyj\u015bciowe: bezpieczne, \u0142atwe do zak\u0142adania, zapinane najlepiej na rzepy;<\/li>\n<li>kapcie: na gumowej podeszwie, nie sznurowane, \u0142atwe do za\u0142o\u017cenia,<\/li>\n<li>nie dajemy dzieciom \u017cadnej bi\u017cuterii.<\/li>\n<\/ul>\n<p><strong>Zapasowa bielizna i ubrania (np. majtki, bluzki, rajstopy, spodnie, skarpetki i ewentualnie dodatkowa para kapci),\u00a0<u>zapakowane w materia\u0142owy, podpisany worek <\/u>to rzeczy, kt\u00f3re le\u017c\u0105 w przedszkolnej szatni i s\u0105 wykorzystywane, gdy zachodzi tego potrzeba.<\/strong><\/p>\n<p><span style=\"color: #008000\"><strong><em><u>Jak u\u0142atwi\u0107 dziecku adaptacj\u0119 w przedszkolu?<\/u><\/em><\/strong><\/span><\/p>\n<p>Dla wielu dzieci pierwsze kontakty z przedszkolem s\u0105 \u017ar\u00f3d\u0142em przykrych napi\u0119\u0107 emocjonalnych, utrudniaj\u0105cych im przystosowanie. Dziecko szybciej si\u0119 do niego adaptuje i zniesie niedogodno\u015bci, gdy b\u0119dzie go postrzega\u0142o jako bezpieczne i atrakcyjne dla siebie\u00a0 i swoich rodzic\u00f3w.<\/p>\n<p><em>\u00a0<\/em><\/p>\n<p><span style=\"color: #008000\"><em>W tym celu nale\u017cy:<\/em><\/span><\/p>\n<ul>\n<li>wytworzy\u0107 w dziecku pozytywne nastawienie;<\/li>\n<li>rozbudzi\u0107 ciekawo\u015b\u0107, sprowokowa\u0107\u00a0radosne oczekiwanie\u00a0\u00a0na pobyt w przedszkolu;<\/li>\n<li>opowiada\u0107 o pierwszych chwilach w przedszkolu;<\/li>\n<li>ujednolica\u0107 dzia\u0142ania dom \u2013 przedszkole, aby dziecku \u0142atwiej by\u0142o przystosowa\u0107 si\u0119 do nowej rzeczywisto\u015bci;<\/li>\n<li>stosowa\u0107 w przedszkolu kr\u00f3tkie po\u017cegnania;<\/li>\n<li>prowokowa\u0107 do m\u00f3wienia, dostarcza\u0107 poprawnych wzorc\u00f3w mowy;<\/li>\n<li>chwali\u0107 dziecko za jego dzielno\u015b\u0107 i umiej\u0119tno\u015b\u0107 radzenia sobie w ka\u017cdej sytuacji;<\/li>\n<li>nie okazywa\u0107 dziecku w\u0142asnych rozterek, zostawiaj\u0105c je w przedszkolu;<\/li>\n<li>nigdy nie straszy\u0107 dziecka przedszkolem;<\/li>\n<li>nie nale\u017cy przynosi\u0107 do przedszkola w\u0142asnego jedzenia i picia.<\/li>\n<\/ul>\n<p><strong><em><span style=\"color: #008000\">Prosimy o\u00a0 \u015bledzenie informacji zawartych na stronie internetowej, dla sprawnej komunikacji oraz przyjaznej atmosfery wsp\u00f3\u0142tworzenia codzienno\u015bci przedszkolnej.\u00a0 <\/span><\/em><\/strong><em><span style=\"color: #008000\"><span style=\"color: #666699\">Pozdrawiam serdecznie i \u017cycz\u0119 zdrowia. Lidia Walczak-I\u017cycka dyrektor plac\u00f3wki.\u00a0<\/span><\/span><\/em><\/p>\n<p><a href=\"https:\/\/przedszkole18.edu.wroclaw.pl\/wp-content\/uploads\/sites\/36\/2023\/08\/Deklaracja-pobytu-dziecka-w-P-18.-2023-24-doc.doc\">Deklaracja pobytu dziecka w P-18. 2023-24 doc<\/a><\/p>\n<p><a href=\"https:\/\/przedszkole18.edu.wroclaw.pl\/wp-content\/uploads\/sites\/36\/2023\/08\/Zgoda-na-wizerunek-2023-24-.docx\">Zgoda na wizerunek 2023-24<\/a><\/p>\n<p><a href=\"https:\/\/przedszkole18.edu.wroclaw.pl\/wp-content\/uploads\/sites\/36\/2023\/08\/Upowaznienie-do-odbioru-2023-24.doc\">Upowa\u017cnienie do odbioru 2023-24<\/a><\/p>\n<p><a href=\"https:\/\/przedszkole18.edu.wroclaw.pl\/wp-content\/uploads\/sites\/36\/2023\/08\/Wniosek-o-zwolnienie-z-oplaty-3-dzieci-.doc\">Wniosek o zwolnienie z op\u0142aty 3 dzieci<\/a><\/p>\n","protected":false},"excerpt":{"rendered":"<p>Rodzice 3 \u2013 latk\u00f3w, nowych wychowank\u00f3w! Poni\u017cej przekazujemy gar\u015b\u0107 informacji na dobry pocz\u0105tek. Pierwsze dni pobytu w przedszkolu, Pa\u0144stwa pociech b\u0119d\u0105 trudne dla wszystkich. Prosimy o wyrozumia\u0142o\u015b\u0107 oraz zaufanie naszemu [&hellip;]<\/p>\n","protected":false},"author":115,"featured_media":0,"comment_status":"closed","ping_status":"closed","sticky":false,"template":"","format":"standard","meta":{"ngg_post_thumbnail":0,"footnotes":""},"categories":[3],"tags":[],"class_list":["post-9319","post","type-post","status-publish","format-standard","hentry","category-aktualnosci","clearfix"],"_links":{"self":[{"href":"https:\/\/przedszkole18.edu.wroclaw.pl\/index.php\/wp-json\/wp\/v2\/posts\/9319","targetHints":{"allow":["GET"]}}],"collection":[{"href":"https:\/\/przedszkole18.edu.wroclaw.pl\/index.php\/wp-json\/wp\/v2\/posts"}],"about":[{"href":"https:\/\/przedszkole18.edu.wroclaw.pl\/index.php\/wp-json\/wp\/v2\/types\/post"}],"author":[{"embeddable":true,"href":"https:\/\/przedszkole18.edu.wroclaw.pl\/index.php\/wp-json\/wp\/v2\/users\/115"}],"replies":[{"embeddable":true,"href":"https:\/\/przedszkole18.edu.wroclaw.pl\/index.php\/wp-json\/wp\/v2\/comments?post=9319"}],"version-history":[{"count":4,"href":"https:\/\/przedszkole18.edu.wroclaw.pl\/index.php\/wp-json\/wp\/v2\/posts\/9319\/revisions"}],"predecessor-version":[{"id":9325,"href":"https:\/\/przedszkole18.edu.wroclaw.pl\/index.php\/wp-json\/wp\/v2\/posts\/9319\/revisions\/9325"}],"wp:attachment":[{"href":"https:\/\/przedszkole18.edu.wroclaw.pl\/index.php\/wp-json\/wp\/v2\/media?parent=9319"}],"wp:term":[{"taxonomy":"category","embeddable":true,"href":"https:\/\/przedszkole18.edu.wroclaw.pl\/index.php\/wp-json\/wp\/v2\/categories?post=9319"},{"taxonomy":"post_tag","embeddable":true,"href":"https:\/\/przedszkole18.edu.wroclaw.pl\/index.php\/wp-json\/wp\/v2\/tags?post=9319"}],"curies":[{"name":"wp","href":"https:\/\/api.w.org\/{rel}","templated":true}]}}