
{"id":933,"date":"2020-03-26T10:12:11","date_gmt":"2020-03-26T09:12:11","guid":{"rendered":"https:\/\/przedszkole18.edu.wroclaw.pl\/?p=933"},"modified":"2020-03-26T10:12:11","modified_gmt":"2020-03-26T09:12:11","slug":"mali-wspaniali","status":"publish","type":"post","link":"https:\/\/przedszkole18.edu.wroclaw.pl\/index.php\/2020\/03\/26\/mali-wspaniali\/","title":{"rendered":"MALI WSPANIALI"},"content":{"rendered":"<p>Fundacja Mali Wspaniali od pocz\u0105tku wprowadzonych ogranicze\u0144 w zwi\u0105zku z pandemi\u0105 koronawirusa intensywnie dzia\u0142a na rzecz rodzic\u00f3w, kadry pedagogicznej, przedszkolak\u00f3w oraz dzieci nauczania pocz\u0105tkowego.<\/p>\n<p>Codziennie na naszym profilu Facebookowym pod adresem <a href=\"https:\/\/www.facebook.com\/maliwspanialifundacja\/\"> https:\/\/www.facebook.com\/maliwspanialifundacja\/ <\/a><br \/>\npublikujemy filmiki z propozycjami aktywno\u015bci ruchowych, domowych trening\u00f3w, a tak\u017ce \u0107wiczenia oraz zabawy, kt\u00f3re mog\u0105 by\u0107 tzw. \u201esportowym bankiem pomys\u0142\u00f3w\u201d dla rodzic\u00f3w w tym trudnym czasie. Filmiki s\u0105 cz\u0119sto nagrywane przez instruktor\u00f3w naszej Fundacji, a wi\u0119c osoby, kt\u00f3re znane s\u0105 dzieciom\u00a0 i wzbudzaj\u0105 ich zaufanie.<\/p>\n<p>Zamieszczane materia\u0142y s\u0105 tak selekcjonowane, aby sprawdza\u0142y si\u0119 w mocno ograniczonych warunkach dost\u0119pu do sprz\u0119tu czy miejsca w domu. Robimy wszystko, aby zar\u00f3wno dzieci jak i ich rodzice mogli sp\u0119dzi\u0107 efektywnie i zdrowo czas, pozostaj\u0105c wsp\u00f3lnie w domach.<\/p>\n<p><a href=\"https:\/\/przedszkole18.edu.wroclaw.pl\/wp-content\/uploads\/sites\/36\/2020\/03\/mali-wspaniali-prezentacja-slajd-2-1.pdf\">mali wspaniali prezentacja slajd-2<\/a><\/p>\n","protected":false},"excerpt":{"rendered":"<p>Fundacja Mali Wspaniali od pocz\u0105tku wprowadzonych ogranicze\u0144 w zwi\u0105zku z pandemi\u0105 koronawirusa intensywnie dzia\u0142a na rzecz rodzic\u00f3w, kadry pedagogicznej, przedszkolak\u00f3w oraz dzieci nauczania pocz\u0105tkowego. Codziennie na naszym profilu Facebookowym pod [&hellip;]<\/p>\n","protected":false},"author":108,"featured_media":0,"comment_status":"closed","ping_status":"closed","sticky":false,"template":"","format":"link","meta":{"ngg_post_thumbnail":0,"footnotes":""},"categories":[3],"tags":[],"class_list":["post-933","post","type-post","status-publish","format-link","hentry","category-aktualnosci","post_format-post-format-link","clearfix"],"_links":{"self":[{"href":"https:\/\/przedszkole18.edu.wroclaw.pl\/index.php\/wp-json\/wp\/v2\/posts\/933","targetHints":{"allow":["GET"]}}],"collection":[{"href":"https:\/\/przedszkole18.edu.wroclaw.pl\/index.php\/wp-json\/wp\/v2\/posts"}],"about":[{"href":"https:\/\/przedszkole18.edu.wroclaw.pl\/index.php\/wp-json\/wp\/v2\/types\/post"}],"author":[{"embeddable":true,"href":"https:\/\/przedszkole18.edu.wroclaw.pl\/index.php\/wp-json\/wp\/v2\/users\/108"}],"replies":[{"embeddable":true,"href":"https:\/\/przedszkole18.edu.wroclaw.pl\/index.php\/wp-json\/wp\/v2\/comments?post=933"}],"version-history":[{"count":3,"href":"https:\/\/przedszkole18.edu.wroclaw.pl\/index.php\/wp-json\/wp\/v2\/posts\/933\/revisions"}],"predecessor-version":[{"id":936,"href":"https:\/\/przedszkole18.edu.wroclaw.pl\/index.php\/wp-json\/wp\/v2\/posts\/933\/revisions\/936"}],"wp:attachment":[{"href":"https:\/\/przedszkole18.edu.wroclaw.pl\/index.php\/wp-json\/wp\/v2\/media?parent=933"}],"wp:term":[{"taxonomy":"category","embeddable":true,"href":"https:\/\/przedszkole18.edu.wroclaw.pl\/index.php\/wp-json\/wp\/v2\/categories?post=933"},{"taxonomy":"post_tag","embeddable":true,"href":"https:\/\/przedszkole18.edu.wroclaw.pl\/index.php\/wp-json\/wp\/v2\/tags?post=933"}],"curies":[{"name":"wp","href":"https:\/\/api.w.org\/{rel}","templated":true}]}}