
{"id":9338,"date":"2023-09-03T09:13:58","date_gmt":"2023-09-03T07:13:58","guid":{"rendered":"https:\/\/przedszkole18.edu.wroclaw.pl\/?p=9338"},"modified":"2023-09-03T09:21:41","modified_gmt":"2023-09-03T07:21:41","slug":"szanowni-panstwo-12","status":"publish","type":"post","link":"https:\/\/przedszkole18.edu.wroclaw.pl\/index.php\/2023\/09\/03\/szanowni-panstwo-12\/","title":{"rendered":"Szanowni Pa\u0144stwo!"},"content":{"rendered":"<p><strong><span style=\"color: #000080\">Rozpoczynamy nowy rok szkolny 2023\/2024 z nowymi godzinami pracy plac\u00f3wki, prosz\u0119 zatem pami\u0119ta\u0107, przedszkole pracuje w godzinach <span style=\"color: #ff0000\">7.00-17.00<\/span>\u00a0<\/span><\/strong><\/p>\n<p><strong><span style=\"color: #000080\">Prosz\u0119 tak\u017ce pami\u0119ta\u0107, \u017ce dzieci powinny by\u0107 przyprowadzone do przedszkola <span style=\"color: #ff0000\">do godziny 8.30<\/span> po tym czasie przedszkole jest zamykane z uwagi na bezpiecze\u0144stwo dzieci. Braki kadrowe, o kt\u00f3rych wspomina\u0142am we wcze\u015bniejszych informacjach, to dodatkowy problem przy Pa\u0144stwa sp\u00f3\u017anieniach, gdy\u017c nie mam kogo, oddelegowa\u0107 do otwierania drzwi dla sp\u00f3\u017anionych. Rozumiem\u00a0 wyj\u0105tkowe i sporadyczne Pa\u0144stwa trudne sytuacje.\u00a0 <\/span><\/strong><\/p>\n<p><strong><span style=\"color: #000080\">O czym trzeba\u00a0 pami\u0119ta\u0107 :<\/span><\/strong><\/p>\n<ul>\n<li><strong><span style=\"color: #000080\">inne godziny pracy przedszkola<\/span><\/strong><\/li>\n<li><strong><span style=\"color: #000080\">grupy \u0142\u0105czone w godzinach rannych i\u00a0 popo\u0142udniowych <\/span><\/strong><\/li>\n<li><strong><span style=\"color: #000080\">dyrektor pe\u0142ni\u0105cy swoj\u0105 rol\u0119 i wspieraj\u0105cy grup\u0119 z wakatami co czasem mo\u017ce utrudni\u0107\u00a0 kontakt z Pa\u0144stwem<\/span><\/strong><\/li>\n<li><strong><span style=\"color: #000080\">bryloki do czytnika czasu,\u00a0 przypisane dzieciom w roku ubieg\u0142ym dalej s\u0105 aktywne <\/span><\/strong><\/li>\n<li><strong><span style=\"color: #000080\">nowi wychowankowie maj\u0105 ju\u017c zaczytane bryloki do odbioru w grupach\/odbijamy si\u0119 rano i przy odbiorze dzieci z przedszkola\/<\/span><\/strong><\/li>\n<li><strong><span style=\"color: #003366\">zgodnie z zarz\u0105dzeniem Prezydenta Miasta zmiana stawki za\u00a0 godziny pobytu w plac\u00f3wce przedszkolnej <\/span><\/strong><\/li>\n<li><strong><span style=\"color: #003366\">dzienna stawka \u017cywieniowa za 3 posi\u0142ki 13 z\u0142otych<\/span> <\/strong><\/li>\n<\/ul>\n<p><strong><span style=\"color: #000080\">Wszystkie inne informacje uzyskacie Pa\u0144stwo na pierwszych zebraniach z nauczycielami grup. Zaczynamy tak\u017ce uaktualnia\u0107 zak\u0142adki na stronie internetowej, prosimy o cierpliwo\u015b\u0107 i zrozumienie, wrzesie\u0144 to zawsze trudny czas.\u00a0<\/span><\/strong> <span style=\"color: #666699\">Pozdrawiam i \u017cycz\u0119 du\u017co zdrowia dyrektor plac\u00f3wki . <\/span><strong><span style=\"color: #000080\"><br \/>\n<\/span><\/strong><\/p>\n","protected":false},"excerpt":{"rendered":"<p>Rozpoczynamy nowy rok szkolny 2023\/2024 z nowymi godzinami pracy plac\u00f3wki, prosz\u0119 zatem pami\u0119ta\u0107, przedszkole pracuje w godzinach 7.00-17.00\u00a0 Prosz\u0119 tak\u017ce pami\u0119ta\u0107, \u017ce dzieci powinny by\u0107 przyprowadzone do przedszkola do godziny [&hellip;]<\/p>\n","protected":false},"author":115,"featured_media":0,"comment_status":"closed","ping_status":"closed","sticky":false,"template":"","format":"standard","meta":{"ngg_post_thumbnail":0,"footnotes":""},"categories":[3],"tags":[],"class_list":["post-9338","post","type-post","status-publish","format-standard","hentry","category-aktualnosci","clearfix"],"_links":{"self":[{"href":"https:\/\/przedszkole18.edu.wroclaw.pl\/index.php\/wp-json\/wp\/v2\/posts\/9338","targetHints":{"allow":["GET"]}}],"collection":[{"href":"https:\/\/przedszkole18.edu.wroclaw.pl\/index.php\/wp-json\/wp\/v2\/posts"}],"about":[{"href":"https:\/\/przedszkole18.edu.wroclaw.pl\/index.php\/wp-json\/wp\/v2\/types\/post"}],"author":[{"embeddable":true,"href":"https:\/\/przedszkole18.edu.wroclaw.pl\/index.php\/wp-json\/wp\/v2\/users\/115"}],"replies":[{"embeddable":true,"href":"https:\/\/przedszkole18.edu.wroclaw.pl\/index.php\/wp-json\/wp\/v2\/comments?post=9338"}],"version-history":[{"count":3,"href":"https:\/\/przedszkole18.edu.wroclaw.pl\/index.php\/wp-json\/wp\/v2\/posts\/9338\/revisions"}],"predecessor-version":[{"id":9341,"href":"https:\/\/przedszkole18.edu.wroclaw.pl\/index.php\/wp-json\/wp\/v2\/posts\/9338\/revisions\/9341"}],"wp:attachment":[{"href":"https:\/\/przedszkole18.edu.wroclaw.pl\/index.php\/wp-json\/wp\/v2\/media?parent=9338"}],"wp:term":[{"taxonomy":"category","embeddable":true,"href":"https:\/\/przedszkole18.edu.wroclaw.pl\/index.php\/wp-json\/wp\/v2\/categories?post=9338"},{"taxonomy":"post_tag","embeddable":true,"href":"https:\/\/przedszkole18.edu.wroclaw.pl\/index.php\/wp-json\/wp\/v2\/tags?post=9338"}],"curies":[{"name":"wp","href":"https:\/\/api.w.org\/{rel}","templated":true}]}}