
{"id":9358,"date":"2023-09-05T20:56:58","date_gmt":"2023-09-05T18:56:58","guid":{"rendered":"https:\/\/przedszkole18.edu.wroclaw.pl\/?p=9358"},"modified":"2023-09-05T20:56:58","modified_gmt":"2023-09-05T18:56:58","slug":"zebrania-organizacyjne-2","status":"publish","type":"post","link":"https:\/\/przedszkole18.edu.wroclaw.pl\/index.php\/2023\/09\/05\/zebrania-organizacyjne-2\/","title":{"rendered":"Zebrania organizacyjne."},"content":{"rendered":"<p><span style=\"color: #003366\"><strong>Drodzy Rodzice.\u00a0<\/strong><\/span><\/p>\n<p><span style=\"color: #003366\"><em> Od 6 wrze\u015bnia, rozpoczynamy spotkania informacyjne zwi\u0105zane z organizacj\u0105 pracy w roku szkolnym 2023\/2024.\u00a0<\/em><\/span><\/p>\n<p><span style=\"color: #003366\"><em>Grupa IV\u00a0 \u00a0 \u00a0 \u00a06.09. godzina 15.30<\/em><\/span><\/p>\n<p><span style=\"color: #003366\"><em>Grupa IV a\u00a0 \u00a006.09. godzina 16.30<\/em><\/span><\/p>\n<p><span style=\"color: #003366\"><em>Grupa III a\u00a0 \u00a012.09. godzina 17.00<\/em><\/span><\/p>\n<p><span style=\"color: #003366\"><em>Grupa II\u00a0 \u00a0 \u00a0 \u00a07.09 . godzina 16.30<\/em><\/span><\/p>\n<p><span style=\"color: #003366\"><em>Grupa I\u00a0 \u00a0 \u00a0 \u00a0 11.09. godzina 16.30\u00a0<\/em><\/span><\/p>\n<p><span style=\"color: #003366\"><strong>Zapraszamy.\u00a0\u00a0<\/strong><\/span><\/p>\n","protected":false},"excerpt":{"rendered":"<p>Drodzy Rodzice.\u00a0 Od 6 wrze\u015bnia, rozpoczynamy spotkania informacyjne zwi\u0105zane z organizacj\u0105 pracy w roku szkolnym 2023\/2024.\u00a0 Grupa IV\u00a0 \u00a0 \u00a0 \u00a06.09. godzina 15.30 Grupa IV a\u00a0 \u00a006.09. godzina 16.30 Grupa [&hellip;]<\/p>\n","protected":false},"author":115,"featured_media":0,"comment_status":"closed","ping_status":"closed","sticky":false,"template":"","format":"standard","meta":{"ngg_post_thumbnail":0,"footnotes":""},"categories":[3],"tags":[],"class_list":["post-9358","post","type-post","status-publish","format-standard","hentry","category-aktualnosci","clearfix"],"_links":{"self":[{"href":"https:\/\/przedszkole18.edu.wroclaw.pl\/index.php\/wp-json\/wp\/v2\/posts\/9358","targetHints":{"allow":["GET"]}}],"collection":[{"href":"https:\/\/przedszkole18.edu.wroclaw.pl\/index.php\/wp-json\/wp\/v2\/posts"}],"about":[{"href":"https:\/\/przedszkole18.edu.wroclaw.pl\/index.php\/wp-json\/wp\/v2\/types\/post"}],"author":[{"embeddable":true,"href":"https:\/\/przedszkole18.edu.wroclaw.pl\/index.php\/wp-json\/wp\/v2\/users\/115"}],"replies":[{"embeddable":true,"href":"https:\/\/przedszkole18.edu.wroclaw.pl\/index.php\/wp-json\/wp\/v2\/comments?post=9358"}],"version-history":[{"count":2,"href":"https:\/\/przedszkole18.edu.wroclaw.pl\/index.php\/wp-json\/wp\/v2\/posts\/9358\/revisions"}],"predecessor-version":[{"id":9360,"href":"https:\/\/przedszkole18.edu.wroclaw.pl\/index.php\/wp-json\/wp\/v2\/posts\/9358\/revisions\/9360"}],"wp:attachment":[{"href":"https:\/\/przedszkole18.edu.wroclaw.pl\/index.php\/wp-json\/wp\/v2\/media?parent=9358"}],"wp:term":[{"taxonomy":"category","embeddable":true,"href":"https:\/\/przedszkole18.edu.wroclaw.pl\/index.php\/wp-json\/wp\/v2\/categories?post=9358"},{"taxonomy":"post_tag","embeddable":true,"href":"https:\/\/przedszkole18.edu.wroclaw.pl\/index.php\/wp-json\/wp\/v2\/tags?post=9358"}],"curies":[{"name":"wp","href":"https:\/\/api.w.org\/{rel}","templated":true}]}}