
{"id":941,"date":"2020-03-26T13:00:49","date_gmt":"2020-03-26T12:00:49","guid":{"rendered":"https:\/\/przedszkole18.edu.wroclaw.pl\/?p=941"},"modified":"2020-03-26T13:00:49","modified_gmt":"2020-03-26T12:00:49","slug":"kochani-rodzice","status":"publish","type":"post","link":"https:\/\/przedszkole18.edu.wroclaw.pl\/index.php\/2020\/03\/26\/kochani-rodzice\/","title":{"rendered":"Kochani Rodzice!"},"content":{"rendered":"<p>Szanowni\u00a0 Pa\u0144stwo,\u00a0 wszyscy trwamy w trudnym czasie i staramy si\u0119 z tym zmierzy\u0107, w obecnej chwili najwa\u017cniejsze dla wszystkich to zdrowi i tego wszystkim Pa\u0144stwu z ca\u0142ego serca \u017cycz\u0119, dbajmy o siebie i rodzin\u0119, \u00a0przestrzegajcie \u00a0zakazu wychodzenia z domu , bo to w tej sytuacji,\u00a0 najlepsze co mo\u017cemy zrobi\u0107.<\/p>\n<p>Postaramy si\u0119 Pa\u0144stwu w miar\u0119 mo\u017cliwo\u015bci pom\u00f3c\u00a0 przetrwa\u0107 ten czas,\u00a0 od poniedzia\u0142ku \/ 23.03.\/\u00a0 proponuj\u0119 \u00a0\u015bledzenia zak\u0142adek dotycz\u0105cych wszystkich grup przedszkolnych . \u00a0Nauczyciele s\u0105 w trakcie przygotowywania materia\u0142\u00f3w, opracowanych zgodnie z realizowanym w plac\u00f3wce programem wychowania przedszkolnego, \u00a0b\u0119d\u0105 \u00a0tam zamieszcza\u0107\u00a0 Pa\u0144stwu propozycje zabaw i zaj\u0119\u0107 mo\u017cliwych do zrealizowania\u00a0 w domu na ca\u0142y nadchodz\u0105cy tydzie\u0144 .<\/p>\n<p>Na ten moment zgodnie z decyzja Rz\u0105du\u00a0 o zapobieganiu, przeciwdzia\u0142aniu i zwalczaniu COVID-19\u00a0 pozostajemy zamkni\u0119ci do 14.04.2020r., czekamy na dalsze decyzje.<\/p>\n<p>Pozostaj\u0119 do Pa\u0144stwa dyspozycji\u00a0 \u00a0\u00a0tel: \u00a071 7986775 lub 728\u00a0520\u00a0159 lub\u00a0 e-mail <a href=\"mailto:lwalczak1709@wroclawskaedukacja.pl\">lwalczak1709@wroclawskaedukacja.pl<\/a> ;\u00a0 <a href=\"mailto:sekretariatp018@wroclawskaedukacja.pl\">sekretariatp018@wroclawskaedukacja.pl<\/a><\/p>\n<p>Pozdrawiam Pa\u0144stwa bardzo serdecznie, \u015bciskamy mocno \u00a0Wasze dzieci,\u00a0 ju\u017c wszyscy za Nimi\u00a0 t\u0119skna! I ju\u017c jeste\u015bmy pe\u0142ni przemy\u015ble\u0144, \u017ce praca i kontakt z drugim cz\u0142owiekiem, to co\u015b czego bardzo brakuje zar\u00f3wno Nam jak i Wam. \u00a0Dyrektor plac\u00f3wki.\u00a0 Lidia Walczak-I\u017cycka<\/p>\n","protected":false},"excerpt":{"rendered":"<p>Szanowni\u00a0 Pa\u0144stwo,\u00a0 wszyscy trwamy w trudnym czasie i staramy si\u0119 z tym zmierzy\u0107, w obecnej chwili najwa\u017cniejsze dla wszystkich to zdrowi i tego wszystkim Pa\u0144stwu z ca\u0142ego serca \u017cycz\u0119, dbajmy [&hellip;]<\/p>\n","protected":false},"author":115,"featured_media":940,"comment_status":"closed","ping_status":"closed","sticky":false,"template":"","format":"standard","meta":{"ngg_post_thumbnail":0,"footnotes":""},"categories":[3],"tags":[],"class_list":["post-941","post","type-post","status-publish","format-standard","has-post-thumbnail","hentry","category-aktualnosci","clearfix"],"_links":{"self":[{"href":"https:\/\/przedszkole18.edu.wroclaw.pl\/index.php\/wp-json\/wp\/v2\/posts\/941","targetHints":{"allow":["GET"]}}],"collection":[{"href":"https:\/\/przedszkole18.edu.wroclaw.pl\/index.php\/wp-json\/wp\/v2\/posts"}],"about":[{"href":"https:\/\/przedszkole18.edu.wroclaw.pl\/index.php\/wp-json\/wp\/v2\/types\/post"}],"author":[{"embeddable":true,"href":"https:\/\/przedszkole18.edu.wroclaw.pl\/index.php\/wp-json\/wp\/v2\/users\/115"}],"replies":[{"embeddable":true,"href":"https:\/\/przedszkole18.edu.wroclaw.pl\/index.php\/wp-json\/wp\/v2\/comments?post=941"}],"version-history":[{"count":1,"href":"https:\/\/przedszkole18.edu.wroclaw.pl\/index.php\/wp-json\/wp\/v2\/posts\/941\/revisions"}],"predecessor-version":[{"id":942,"href":"https:\/\/przedszkole18.edu.wroclaw.pl\/index.php\/wp-json\/wp\/v2\/posts\/941\/revisions\/942"}],"wp:featuredmedia":[{"embeddable":true,"href":"https:\/\/przedszkole18.edu.wroclaw.pl\/index.php\/wp-json\/wp\/v2\/media\/940"}],"wp:attachment":[{"href":"https:\/\/przedszkole18.edu.wroclaw.pl\/index.php\/wp-json\/wp\/v2\/media?parent=941"}],"wp:term":[{"taxonomy":"category","embeddable":true,"href":"https:\/\/przedszkole18.edu.wroclaw.pl\/index.php\/wp-json\/wp\/v2\/categories?post=941"},{"taxonomy":"post_tag","embeddable":true,"href":"https:\/\/przedszkole18.edu.wroclaw.pl\/index.php\/wp-json\/wp\/v2\/tags?post=941"}],"curies":[{"name":"wp","href":"https:\/\/api.w.org\/{rel}","templated":true}]}}