
{"id":95,"date":"2018-11-13T09:30:23","date_gmt":"2018-11-13T08:30:23","guid":{"rendered":"https:\/\/przedszkole18.edu.wroclaw.pl\/?p=95"},"modified":"2018-11-23T12:38:43","modified_gmt":"2018-11-23T11:38:43","slug":"obchody-100-rocznicy-odzyskania-niepodleglosci-w-naszym-przedszkolu","status":"publish","type":"post","link":"https:\/\/przedszkole18.edu.wroclaw.pl\/index.php\/2018\/11\/13\/obchody-100-rocznicy-odzyskania-niepodleglosci-w-naszym-przedszkolu\/","title":{"rendered":"Obchody 100 Rocznicy Odzyskania Niepodleg\u0142o\u015bci w naszym przedszkolu"},"content":{"rendered":"<p>Dnia 9 listopada w naszym przedszkolu obchodzili\u015bmy Narodowe \u015awi\u0119to Niepodleg\u0142o\u015bci.<br \/>\n<!--more-->Na uroczysto\u015bci mieli\u015bmy zaszczyt go\u015bci\u0107 Pani\u0105 z Departamentu Edukacji oraz przedstawicieli Rady Rodzic\u00f3w &#8211; kt\u00f3rym za przybycie serdecznie dzi\u0119kujemy.<\/p>\n<p>Najstarsza grupa oraz przedstawiciele grup m\u0142odszych m\u00f3wili wiersze, \u015bpiewali patriotyczne piosenki.<\/p>\n<p>Grupa IIIa pi\u0119knie zata\u0144czy\u0142a Krakowiaka.<\/p>\n<p>Wyst\u0119py dzieci by\u0142y nagrodzone gromkimi brawami.<\/p>\n<p>Na ko\u0144cu Pani Dyrektor, dzieci, nauczyciele, wszyscy pracownicy oraz przybyli go\u015bcie od\u015bpiewali Hymn Polski &#8222;Mazurek D\u0105browskiego&#8221; bior\u0105c jednocze\u015bnie udzia\u0142 w akcji &#8222;Rekord dla Niepodleg\u0142ej&#8221;<\/p>\n<p>Chcieliby\u015bmy r\u00f3wnie\u017c podzi\u0119kowa\u0107 rodzicom za ubranie dzieci w pi\u0119kne galowe stroje.<\/p>\n","protected":false},"excerpt":{"rendered":"<p>Dnia 9 listopada w naszym przedszkolu obchodzili\u015bmy Narodowe \u015awi\u0119to Niepodleg\u0142o\u015bci.<\/p>\n","protected":false},"author":96,"featured_media":0,"comment_status":"closed","ping_status":"closed","sticky":false,"template":"","format":"standard","meta":{"ngg_post_thumbnail":0,"footnotes":""},"categories":[3],"tags":[],"class_list":["post-95","post","type-post","status-publish","format-standard","hentry","category-aktualnosci","clearfix"],"_links":{"self":[{"href":"https:\/\/przedszkole18.edu.wroclaw.pl\/index.php\/wp-json\/wp\/v2\/posts\/95","targetHints":{"allow":["GET"]}}],"collection":[{"href":"https:\/\/przedszkole18.edu.wroclaw.pl\/index.php\/wp-json\/wp\/v2\/posts"}],"about":[{"href":"https:\/\/przedszkole18.edu.wroclaw.pl\/index.php\/wp-json\/wp\/v2\/types\/post"}],"author":[{"embeddable":true,"href":"https:\/\/przedszkole18.edu.wroclaw.pl\/index.php\/wp-json\/wp\/v2\/users\/96"}],"replies":[{"embeddable":true,"href":"https:\/\/przedszkole18.edu.wroclaw.pl\/index.php\/wp-json\/wp\/v2\/comments?post=95"}],"version-history":[{"count":2,"href":"https:\/\/przedszkole18.edu.wroclaw.pl\/index.php\/wp-json\/wp\/v2\/posts\/95\/revisions"}],"predecessor-version":[{"id":589,"href":"https:\/\/przedszkole18.edu.wroclaw.pl\/index.php\/wp-json\/wp\/v2\/posts\/95\/revisions\/589"}],"wp:attachment":[{"href":"https:\/\/przedszkole18.edu.wroclaw.pl\/index.php\/wp-json\/wp\/v2\/media?parent=95"}],"wp:term":[{"taxonomy":"category","embeddable":true,"href":"https:\/\/przedszkole18.edu.wroclaw.pl\/index.php\/wp-json\/wp\/v2\/categories?post=95"},{"taxonomy":"post_tag","embeddable":true,"href":"https:\/\/przedszkole18.edu.wroclaw.pl\/index.php\/wp-json\/wp\/v2\/tags?post=95"}],"curies":[{"name":"wp","href":"https:\/\/api.w.org\/{rel}","templated":true}]}}