
{"id":9562,"date":"2023-09-25T20:10:10","date_gmt":"2023-09-25T18:10:10","guid":{"rendered":"https:\/\/przedszkole18.edu.wroclaw.pl\/?p=9562"},"modified":"2023-09-25T20:10:22","modified_gmt":"2023-09-25T18:10:22","slug":"ubezpieczenie-nnw-5","status":"publish","type":"post","link":"https:\/\/przedszkole18.edu.wroclaw.pl\/index.php\/2023\/09\/25\/ubezpieczenie-nnw-5\/","title":{"rendered":"Ubezpieczenie NNW"},"content":{"rendered":"<p><span style=\"color: #0000ff\"><strong><span style=\"font-size: 14pt\">Szanowni Pa\u0144stwo<\/span><\/strong><\/span><\/p>\n<p><span style=\"color: #0000ff\"><strong><span style=\"font-size: 14pt\">Wp\u0142at na ubezpieczenie NNW b\u0119dzie mo\u017cna dokona\u0107, u Pani Dyrektor, \u00a0<span style=\"color: #ff0000\"> 27 wrze\u015bnia (\u015broda) w godz. 14.30 &#8211; 16.30.<\/span><\/span><\/strong><\/span><\/p>\n<p><span style=\"color: #0000ff\"><strong><span style=\"font-size: 14pt\">Prosimy o przygotowanie nr PESEL dziecka oraz wybran\u0105 przez Pa\u0144stwa odliczon\u0105 kwot\u0119 pieni\u0119dzy.<\/span><\/strong><\/span><\/p>\n","protected":false},"excerpt":{"rendered":"<p>Szanowni Pa\u0144stwo Wp\u0142at na ubezpieczenie NNW b\u0119dzie mo\u017cna dokona\u0107, u Pani Dyrektor, \u00a0 27 wrze\u015bnia (\u015broda) w godz. 14.30 &#8211; 16.30. Prosimy o przygotowanie nr PESEL dziecka oraz wybran\u0105 przez [&hellip;]<\/p>\n","protected":false},"author":108,"featured_media":9506,"comment_status":"closed","ping_status":"closed","sticky":false,"template":"","format":"standard","meta":{"ngg_post_thumbnail":0,"footnotes":""},"categories":[3],"tags":[],"class_list":["post-9562","post","type-post","status-publish","format-standard","has-post-thumbnail","hentry","category-aktualnosci","clearfix"],"_links":{"self":[{"href":"https:\/\/przedszkole18.edu.wroclaw.pl\/index.php\/wp-json\/wp\/v2\/posts\/9562","targetHints":{"allow":["GET"]}}],"collection":[{"href":"https:\/\/przedszkole18.edu.wroclaw.pl\/index.php\/wp-json\/wp\/v2\/posts"}],"about":[{"href":"https:\/\/przedszkole18.edu.wroclaw.pl\/index.php\/wp-json\/wp\/v2\/types\/post"}],"author":[{"embeddable":true,"href":"https:\/\/przedszkole18.edu.wroclaw.pl\/index.php\/wp-json\/wp\/v2\/users\/108"}],"replies":[{"embeddable":true,"href":"https:\/\/przedszkole18.edu.wroclaw.pl\/index.php\/wp-json\/wp\/v2\/comments?post=9562"}],"version-history":[{"count":1,"href":"https:\/\/przedszkole18.edu.wroclaw.pl\/index.php\/wp-json\/wp\/v2\/posts\/9562\/revisions"}],"predecessor-version":[{"id":9563,"href":"https:\/\/przedszkole18.edu.wroclaw.pl\/index.php\/wp-json\/wp\/v2\/posts\/9562\/revisions\/9563"}],"wp:featuredmedia":[{"embeddable":true,"href":"https:\/\/przedszkole18.edu.wroclaw.pl\/index.php\/wp-json\/wp\/v2\/media\/9506"}],"wp:attachment":[{"href":"https:\/\/przedszkole18.edu.wroclaw.pl\/index.php\/wp-json\/wp\/v2\/media?parent=9562"}],"wp:term":[{"taxonomy":"category","embeddable":true,"href":"https:\/\/przedszkole18.edu.wroclaw.pl\/index.php\/wp-json\/wp\/v2\/categories?post=9562"},{"taxonomy":"post_tag","embeddable":true,"href":"https:\/\/przedszkole18.edu.wroclaw.pl\/index.php\/wp-json\/wp\/v2\/tags?post=9562"}],"curies":[{"name":"wp","href":"https:\/\/api.w.org\/{rel}","templated":true}]}}