
{"id":9570,"date":"2023-09-27T14:33:47","date_gmt":"2023-09-27T12:33:47","guid":{"rendered":"https:\/\/przedszkole18.edu.wroclaw.pl\/?p=9570"},"modified":"2023-09-27T14:33:47","modified_gmt":"2023-09-27T12:33:47","slug":"spotkanie-rada-rodzicow","status":"publish","type":"post","link":"https:\/\/przedszkole18.edu.wroclaw.pl\/index.php\/2023\/09\/27\/spotkanie-rada-rodzicow\/","title":{"rendered":"Spotkanie &#8211;  Rada Rodzic\u00f3w"},"content":{"rendered":"<p><span style=\"color: #000080\"><em><strong><span style=\"font-size: 14pt\">Szanowni Pa\u0144stwo.<\/span><\/strong><\/em><\/span><\/p>\n<p><span style=\"color: #000080\"><em><strong><span style=\"font-size: 14pt\"> Zapraszam na spotkanie\u00a0 Rady Rodzic\u00f3w \/ rodzice wybrani do tr\u00f3jek grupowych\/ Spotkanie odb\u0119dzie si\u0119 3 pa\u017adziernika\/wtorek\/ godzina 16.00\u00a0<\/span><\/strong><\/em><\/span><span style=\"color: #000080\"><em><strong><span style=\"font-size: 14pt\"> sala SI. \u00a0 <\/span><\/strong><\/em><span style=\"font-size: 12pt\"><span style=\"color: #666699\">Pozdrawiam serdecznie dyrektor plac\u00f3wki Lidia Walczak-I\u017cycka\u00a0 \u00a0<\/span><\/span><\/span><\/p>\n","protected":false},"excerpt":{"rendered":"<p>Szanowni Pa\u0144stwo. Zapraszam na spotkanie\u00a0 Rady Rodzic\u00f3w \/ rodzice wybrani do tr\u00f3jek grupowych\/ Spotkanie odb\u0119dzie si\u0119 3 pa\u017adziernika\/wtorek\/ godzina 16.00\u00a0 sala SI. \u00a0 Pozdrawiam serdecznie dyrektor plac\u00f3wki Lidia Walczak-I\u017cycka\u00a0 \u00a0<\/p>\n","protected":false},"author":115,"featured_media":9508,"comment_status":"closed","ping_status":"closed","sticky":false,"template":"","format":"standard","meta":{"ngg_post_thumbnail":0,"footnotes":""},"categories":[3],"tags":[],"class_list":["post-9570","post","type-post","status-publish","format-standard","has-post-thumbnail","hentry","category-aktualnosci","clearfix"],"_links":{"self":[{"href":"https:\/\/przedszkole18.edu.wroclaw.pl\/index.php\/wp-json\/wp\/v2\/posts\/9570","targetHints":{"allow":["GET"]}}],"collection":[{"href":"https:\/\/przedszkole18.edu.wroclaw.pl\/index.php\/wp-json\/wp\/v2\/posts"}],"about":[{"href":"https:\/\/przedszkole18.edu.wroclaw.pl\/index.php\/wp-json\/wp\/v2\/types\/post"}],"author":[{"embeddable":true,"href":"https:\/\/przedszkole18.edu.wroclaw.pl\/index.php\/wp-json\/wp\/v2\/users\/115"}],"replies":[{"embeddable":true,"href":"https:\/\/przedszkole18.edu.wroclaw.pl\/index.php\/wp-json\/wp\/v2\/comments?post=9570"}],"version-history":[{"count":1,"href":"https:\/\/przedszkole18.edu.wroclaw.pl\/index.php\/wp-json\/wp\/v2\/posts\/9570\/revisions"}],"predecessor-version":[{"id":9571,"href":"https:\/\/przedszkole18.edu.wroclaw.pl\/index.php\/wp-json\/wp\/v2\/posts\/9570\/revisions\/9571"}],"wp:featuredmedia":[{"embeddable":true,"href":"https:\/\/przedszkole18.edu.wroclaw.pl\/index.php\/wp-json\/wp\/v2\/media\/9508"}],"wp:attachment":[{"href":"https:\/\/przedszkole18.edu.wroclaw.pl\/index.php\/wp-json\/wp\/v2\/media?parent=9570"}],"wp:term":[{"taxonomy":"category","embeddable":true,"href":"https:\/\/przedszkole18.edu.wroclaw.pl\/index.php\/wp-json\/wp\/v2\/categories?post=9570"},{"taxonomy":"post_tag","embeddable":true,"href":"https:\/\/przedszkole18.edu.wroclaw.pl\/index.php\/wp-json\/wp\/v2\/tags?post=9570"}],"curies":[{"name":"wp","href":"https:\/\/api.w.org\/{rel}","templated":true}]}}