
{"id":9657,"date":"2023-10-03T10:34:21","date_gmt":"2023-10-03T08:34:21","guid":{"rendered":"https:\/\/przedszkole18.edu.wroclaw.pl\/?p=9657"},"modified":"2023-10-03T10:34:21","modified_gmt":"2023-10-03T08:34:21","slug":"wazne-30","status":"publish","type":"post","link":"https:\/\/przedszkole18.edu.wroclaw.pl\/index.php\/2023\/10\/03\/wazne-30\/","title":{"rendered":"Wa\u017cne!"},"content":{"rendered":"<p><span style=\"font-size: 14pt;color: #000080\"><strong>Szanowni Pa\u0144stwo ! <\/strong><\/span><\/p>\n<p><span style=\"font-size: 14pt;color: #000080\"><strong>Bardzo prosz\u0119 o baczne przygl\u0105danie si\u0119 dzieciom, otrzymuj\u0119 informacj\u0119 o objawach wysokiej gor\u0105czki, b\u00f3lu brzucha i wymiotach. W sytuacji zauwa\u017cenia objaw\u00f3w prosz\u0119 o pozostawienie dzieci w domach ! \u00a0 Prosz\u0119 pami\u0119ta\u0107, \u017ce chore dzieci w przedszkolu,\u00a0 to te\u017c ryzyko zachorowania pracownik\u00f3w.\u00a0 Z informacji przekazanych od lekarzy mamy do czynienia z wirusem.<\/strong><\/span><\/p>\n<p><span style=\"font-size: 14pt;color: #666699\"> Pozdrawiam i \u017cycz\u0119 zdrowia. Dyrektor przedszkola. <\/span><\/p>\n<p>&nbsp;<\/p>\n","protected":false},"excerpt":{"rendered":"<p>Szanowni Pa\u0144stwo ! Bardzo prosz\u0119 o baczne przygl\u0105danie si\u0119 dzieciom, otrzymuj\u0119 informacj\u0119 o objawach wysokiej gor\u0105czki, b\u00f3lu brzucha i wymiotach. W sytuacji zauwa\u017cenia objaw\u00f3w prosz\u0119 o pozostawienie dzieci w domach [&hellip;]<\/p>\n","protected":false},"author":115,"featured_media":9508,"comment_status":"closed","ping_status":"closed","sticky":false,"template":"","format":"standard","meta":{"ngg_post_thumbnail":0,"footnotes":""},"categories":[3],"tags":[],"class_list":["post-9657","post","type-post","status-publish","format-standard","has-post-thumbnail","hentry","category-aktualnosci","clearfix"],"_links":{"self":[{"href":"https:\/\/przedszkole18.edu.wroclaw.pl\/index.php\/wp-json\/wp\/v2\/posts\/9657","targetHints":{"allow":["GET"]}}],"collection":[{"href":"https:\/\/przedszkole18.edu.wroclaw.pl\/index.php\/wp-json\/wp\/v2\/posts"}],"about":[{"href":"https:\/\/przedszkole18.edu.wroclaw.pl\/index.php\/wp-json\/wp\/v2\/types\/post"}],"author":[{"embeddable":true,"href":"https:\/\/przedszkole18.edu.wroclaw.pl\/index.php\/wp-json\/wp\/v2\/users\/115"}],"replies":[{"embeddable":true,"href":"https:\/\/przedszkole18.edu.wroclaw.pl\/index.php\/wp-json\/wp\/v2\/comments?post=9657"}],"version-history":[{"count":1,"href":"https:\/\/przedszkole18.edu.wroclaw.pl\/index.php\/wp-json\/wp\/v2\/posts\/9657\/revisions"}],"predecessor-version":[{"id":9658,"href":"https:\/\/przedszkole18.edu.wroclaw.pl\/index.php\/wp-json\/wp\/v2\/posts\/9657\/revisions\/9658"}],"wp:featuredmedia":[{"embeddable":true,"href":"https:\/\/przedszkole18.edu.wroclaw.pl\/index.php\/wp-json\/wp\/v2\/media\/9508"}],"wp:attachment":[{"href":"https:\/\/przedszkole18.edu.wroclaw.pl\/index.php\/wp-json\/wp\/v2\/media?parent=9657"}],"wp:term":[{"taxonomy":"category","embeddable":true,"href":"https:\/\/przedszkole18.edu.wroclaw.pl\/index.php\/wp-json\/wp\/v2\/categories?post=9657"},{"taxonomy":"post_tag","embeddable":true,"href":"https:\/\/przedszkole18.edu.wroclaw.pl\/index.php\/wp-json\/wp\/v2\/tags?post=9657"}],"curies":[{"name":"wp","href":"https:\/\/api.w.org\/{rel}","templated":true}]}}