
{"id":9659,"date":"2023-10-03T11:04:47","date_gmt":"2023-10-03T09:04:47","guid":{"rendered":"https:\/\/przedszkole18.edu.wroclaw.pl\/?p=9659"},"modified":"2023-10-03T11:05:51","modified_gmt":"2023-10-03T09:05:51","slug":"oplata-za-przedszkole-3","status":"publish","type":"post","link":"https:\/\/przedszkole18.edu.wroclaw.pl\/index.php\/2023\/10\/03\/oplata-za-przedszkole-3\/","title":{"rendered":"Op\u0142ata za przedszkole!"},"content":{"rendered":"<p><span style=\"font-size: 14pt;color: #008000\"><strong>Drodzy rodzice, przes\u0142ano informacje dotycz\u0105ce op\u0142aty za miesi\u0105c wrzesie\u0144. Je\u017celi Pa\u0144stwo,\u00a0 nie otrzymali informacji prosz\u0119 o kontakt z przedszkolem, by\u0107 mo\u017ce b\u0142\u0119dnie odczytano Pa\u0144stwa e-mail z przekazywanych nam deklaracji.\u00a0 <\/strong><\/span><\/p>\n<p><span style=\"font-size: 14pt;color: #008000\"><strong>W grupie IV i IV A w wyniku b\u0142\u0119du systemu, na kt\u00f3rym pracujemy jest mylna op\u0142ata.\u00a0 Drugi e-mail z w\u0142a\u015bciw\u0105 op\u0142at\u0105 b\u0119dzie obowi\u0105zuj\u0105cy do zap\u0142aty. Pozdrawiamy\u00a0<\/strong> <\/span><\/p>\n","protected":false},"excerpt":{"rendered":"<p>Drodzy rodzice, przes\u0142ano informacje dotycz\u0105ce op\u0142aty za miesi\u0105c wrzesie\u0144. Je\u017celi Pa\u0144stwo,\u00a0 nie otrzymali informacji prosz\u0119 o kontakt z przedszkolem, by\u0107 mo\u017ce b\u0142\u0119dnie odczytano Pa\u0144stwa e-mail z przekazywanych nam deklaracji.\u00a0 W [&hellip;]<\/p>\n","protected":false},"author":115,"featured_media":9507,"comment_status":"closed","ping_status":"closed","sticky":false,"template":"","format":"standard","meta":{"ngg_post_thumbnail":0,"footnotes":""},"categories":[3],"tags":[],"class_list":["post-9659","post","type-post","status-publish","format-standard","has-post-thumbnail","hentry","category-aktualnosci","clearfix"],"_links":{"self":[{"href":"https:\/\/przedszkole18.edu.wroclaw.pl\/index.php\/wp-json\/wp\/v2\/posts\/9659","targetHints":{"allow":["GET"]}}],"collection":[{"href":"https:\/\/przedszkole18.edu.wroclaw.pl\/index.php\/wp-json\/wp\/v2\/posts"}],"about":[{"href":"https:\/\/przedszkole18.edu.wroclaw.pl\/index.php\/wp-json\/wp\/v2\/types\/post"}],"author":[{"embeddable":true,"href":"https:\/\/przedszkole18.edu.wroclaw.pl\/index.php\/wp-json\/wp\/v2\/users\/115"}],"replies":[{"embeddable":true,"href":"https:\/\/przedszkole18.edu.wroclaw.pl\/index.php\/wp-json\/wp\/v2\/comments?post=9659"}],"version-history":[{"count":2,"href":"https:\/\/przedszkole18.edu.wroclaw.pl\/index.php\/wp-json\/wp\/v2\/posts\/9659\/revisions"}],"predecessor-version":[{"id":9661,"href":"https:\/\/przedszkole18.edu.wroclaw.pl\/index.php\/wp-json\/wp\/v2\/posts\/9659\/revisions\/9661"}],"wp:featuredmedia":[{"embeddable":true,"href":"https:\/\/przedszkole18.edu.wroclaw.pl\/index.php\/wp-json\/wp\/v2\/media\/9507"}],"wp:attachment":[{"href":"https:\/\/przedszkole18.edu.wroclaw.pl\/index.php\/wp-json\/wp\/v2\/media?parent=9659"}],"wp:term":[{"taxonomy":"category","embeddable":true,"href":"https:\/\/przedszkole18.edu.wroclaw.pl\/index.php\/wp-json\/wp\/v2\/categories?post=9659"},{"taxonomy":"post_tag","embeddable":true,"href":"https:\/\/przedszkole18.edu.wroclaw.pl\/index.php\/wp-json\/wp\/v2\/tags?post=9659"}],"curies":[{"name":"wp","href":"https:\/\/api.w.org\/{rel}","templated":true}]}}