
{"id":9831,"date":"2023-10-13T16:30:22","date_gmt":"2023-10-13T14:30:22","guid":{"rendered":"https:\/\/przedszkole18.edu.wroclaw.pl\/?p=9831"},"modified":"2023-10-13T16:35:21","modified_gmt":"2023-10-13T14:35:21","slug":"narodowy-program-rozwoju-czytelnictwa-spotkanie-autorskie","status":"publish","type":"post","link":"https:\/\/przedszkole18.edu.wroclaw.pl\/index.php\/2023\/10\/13\/narodowy-program-rozwoju-czytelnictwa-spotkanie-autorskie\/","title":{"rendered":"Narodowy Program Rozwoju Czytelnictwa &#8211; spotkanie autorskie"},"content":{"rendered":"<p><span style=\"color: #666699\"><em><span style=\"font-size: 14pt\"><strong>Szanowni Pa\u0144stwo, drogie dzieci!<\/strong><\/span><\/em><\/span><\/p>\n<p><span style=\"color: #008000;font-size: 14pt\"><span style=\"color: #666699\">Zapraszamy na spotkanie z autork\u0105 i ilustratorka ksi\u0105\u017cek dla dzieci Pani\u0105 Ew\u0105 Ko\u0142odziejczyk. 17. 10 \/wtorek\/ godzina 9.30 mamy nadziej\u0119, \u017ce spodobaj\u0105\u00a0 si\u0119 Wam bajki naszego go\u015bcia.\u00a0 Spotkanie jest bezp\u0142atne, b\u0119dzie mo\u017cna zakupi\u0107 ksi\u0105\u017ck\u0119 z dedykacj\u0105\u00a0 autorki w godzinach odbioru dzieci.<\/span> <span style=\"color: #666699\">Do zobaczenia.<\/span><br \/>\n<\/span><\/p>\n<p><a href=\"https:\/\/www.facebook.com\/EwaKolodziejczykLirycznie\">https:\/\/www.facebook.com\/EwaKolodziejczykLirycznie<\/a><\/p>\n<p><a href=\"https:\/\/www.facebook.com\/ZarSerca\">https:\/\/www.facebook.com\/ZarSerca<\/a><\/p>\n<p><a href=\"http:\/\/www.zarserca.pl\/\">http:\/\/www.zarserca.pl\/<\/a><\/p>\n<p>&nbsp;<\/p>\n","protected":false},"excerpt":{"rendered":"<p>Szanowni Pa\u0144stwo, drogie dzieci! Zapraszamy na spotkanie z autork\u0105 i ilustratorka ksi\u0105\u017cek dla dzieci Pani\u0105 Ew\u0105 Ko\u0142odziejczyk. 17. 10 \/wtorek\/ godzina 9.30 mamy nadziej\u0119, \u017ce spodobaj\u0105\u00a0 si\u0119 Wam bajki naszego [&hellip;]<\/p>\n","protected":false},"author":115,"featured_media":8362,"comment_status":"closed","ping_status":"closed","sticky":false,"template":"","format":"standard","meta":{"ngg_post_thumbnail":0,"footnotes":""},"categories":[3,1],"tags":[],"class_list":["post-9831","post","type-post","status-publish","format-standard","has-post-thumbnail","hentry","category-aktualnosci","category-bez-kategorii","clearfix"],"_links":{"self":[{"href":"https:\/\/przedszkole18.edu.wroclaw.pl\/index.php\/wp-json\/wp\/v2\/posts\/9831","targetHints":{"allow":["GET"]}}],"collection":[{"href":"https:\/\/przedszkole18.edu.wroclaw.pl\/index.php\/wp-json\/wp\/v2\/posts"}],"about":[{"href":"https:\/\/przedszkole18.edu.wroclaw.pl\/index.php\/wp-json\/wp\/v2\/types\/post"}],"author":[{"embeddable":true,"href":"https:\/\/przedszkole18.edu.wroclaw.pl\/index.php\/wp-json\/wp\/v2\/users\/115"}],"replies":[{"embeddable":true,"href":"https:\/\/przedszkole18.edu.wroclaw.pl\/index.php\/wp-json\/wp\/v2\/comments?post=9831"}],"version-history":[{"count":3,"href":"https:\/\/przedszkole18.edu.wroclaw.pl\/index.php\/wp-json\/wp\/v2\/posts\/9831\/revisions"}],"predecessor-version":[{"id":9834,"href":"https:\/\/przedszkole18.edu.wroclaw.pl\/index.php\/wp-json\/wp\/v2\/posts\/9831\/revisions\/9834"}],"wp:featuredmedia":[{"embeddable":true,"href":"https:\/\/przedszkole18.edu.wroclaw.pl\/index.php\/wp-json\/wp\/v2\/media\/8362"}],"wp:attachment":[{"href":"https:\/\/przedszkole18.edu.wroclaw.pl\/index.php\/wp-json\/wp\/v2\/media?parent=9831"}],"wp:term":[{"taxonomy":"category","embeddable":true,"href":"https:\/\/przedszkole18.edu.wroclaw.pl\/index.php\/wp-json\/wp\/v2\/categories?post=9831"},{"taxonomy":"post_tag","embeddable":true,"href":"https:\/\/przedszkole18.edu.wroclaw.pl\/index.php\/wp-json\/wp\/v2\/tags?post=9831"}],"curies":[{"name":"wp","href":"https:\/\/api.w.org\/{rel}","templated":true}]}}