
{"id":9894,"date":"2023-10-20T14:22:01","date_gmt":"2023-10-20T12:22:01","guid":{"rendered":"https:\/\/przedszkole18.edu.wroclaw.pl\/?p=9894"},"modified":"2023-10-20T14:23:01","modified_gmt":"2023-10-20T12:23:01","slug":"drodzy-rodzice-8","status":"publish","type":"post","link":"https:\/\/przedszkole18.edu.wroclaw.pl\/index.php\/2023\/10\/20\/drodzy-rodzice-8\/","title":{"rendered":"Drodzy Rodzice!"},"content":{"rendered":"<p><strong><em><span style=\"color: #003366\">Mamy za sob\u0105 ju\u017c pierwsze p\u00f3\u0142tora miesi\u0105ca w nowym roku szkolnym a przed sob\u0105 czas s\u0142oty, deszczu i pluchy. Cieszy to, \u017ce\u00a0 wszystkie dzieci z grup starszych, wiedz\u0105 gdzie musz\u0105 si\u0119 uda\u0107 i jak zachowa\u0107\u00a0 by bezpiecznie dotrze\u0107 pod skrzyd\u0142a swoich nauczycieli. Dlatego w celu utrzymania czysto\u015bci\u00a0\u00a0 bardzo prosz\u0119 o nie wchodzenie na I pi\u0119tro i ostatni ca\u0142us przed schodami.\u00a0<\/span><\/em><\/strong><\/p>\n<p><strong><em><span style=\"color: #003366\"> Sytuacja kadrowa nie uleg\u0142a zmianie, nadal borykamy si\u0119 z brakami kadrowymi dlatego prosz\u0119 te\u017c\u00a0 o przestrzeganie zasady\u00a0 przyprowadzania dzieci do godziny 8.30.\u00a0 Po tym czasie pracownicy zajmuj\u0105 si\u0119 codziennymi obowi\u0105zkami i nie mam nikogo,\u00a0 kogo mog\u0119\u00a0 wyznaczy\u0107 do otwierania drzwi sp\u00f3\u017anionym.\u00a0<\/span> <\/em><\/strong><\/p>\n","protected":false},"excerpt":{"rendered":"<p>Mamy za sob\u0105 ju\u017c pierwsze p\u00f3\u0142tora miesi\u0105ca w nowym roku szkolnym a przed sob\u0105 czas s\u0142oty, deszczu i pluchy. Cieszy to, \u017ce\u00a0 wszystkie dzieci z grup starszych, wiedz\u0105 gdzie musz\u0105 [&hellip;]<\/p>\n","protected":false},"author":115,"featured_media":9506,"comment_status":"closed","ping_status":"closed","sticky":false,"template":"","format":"standard","meta":{"ngg_post_thumbnail":0,"footnotes":""},"categories":[3],"tags":[],"class_list":["post-9894","post","type-post","status-publish","format-standard","has-post-thumbnail","hentry","category-aktualnosci","clearfix"],"_links":{"self":[{"href":"https:\/\/przedszkole18.edu.wroclaw.pl\/index.php\/wp-json\/wp\/v2\/posts\/9894","targetHints":{"allow":["GET"]}}],"collection":[{"href":"https:\/\/przedszkole18.edu.wroclaw.pl\/index.php\/wp-json\/wp\/v2\/posts"}],"about":[{"href":"https:\/\/przedszkole18.edu.wroclaw.pl\/index.php\/wp-json\/wp\/v2\/types\/post"}],"author":[{"embeddable":true,"href":"https:\/\/przedszkole18.edu.wroclaw.pl\/index.php\/wp-json\/wp\/v2\/users\/115"}],"replies":[{"embeddable":true,"href":"https:\/\/przedszkole18.edu.wroclaw.pl\/index.php\/wp-json\/wp\/v2\/comments?post=9894"}],"version-history":[{"count":2,"href":"https:\/\/przedszkole18.edu.wroclaw.pl\/index.php\/wp-json\/wp\/v2\/posts\/9894\/revisions"}],"predecessor-version":[{"id":9896,"href":"https:\/\/przedszkole18.edu.wroclaw.pl\/index.php\/wp-json\/wp\/v2\/posts\/9894\/revisions\/9896"}],"wp:featuredmedia":[{"embeddable":true,"href":"https:\/\/przedszkole18.edu.wroclaw.pl\/index.php\/wp-json\/wp\/v2\/media\/9506"}],"wp:attachment":[{"href":"https:\/\/przedszkole18.edu.wroclaw.pl\/index.php\/wp-json\/wp\/v2\/media?parent=9894"}],"wp:term":[{"taxonomy":"category","embeddable":true,"href":"https:\/\/przedszkole18.edu.wroclaw.pl\/index.php\/wp-json\/wp\/v2\/categories?post=9894"},{"taxonomy":"post_tag","embeddable":true,"href":"https:\/\/przedszkole18.edu.wroclaw.pl\/index.php\/wp-json\/wp\/v2\/tags?post=9894"}],"curies":[{"name":"wp","href":"https:\/\/api.w.org\/{rel}","templated":true}]}}