
{"id":990,"date":"2020-03-30T10:23:40","date_gmt":"2020-03-30T08:23:40","guid":{"rendered":"https:\/\/przedszkole18.edu.wroclaw.pl\/?p=990"},"modified":"2020-03-30T10:23:40","modified_gmt":"2020-03-30T08:23:40","slug":"policjanci-z-wroclawia-apeluja","status":"publish","type":"post","link":"https:\/\/przedszkole18.edu.wroclaw.pl\/index.php\/2020\/03\/30\/policjanci-z-wroclawia-apeluja\/","title":{"rendered":"Policjanci z Wroc\u0142awia apeluj\u0105"},"content":{"rendered":"<p><img loading=\"lazy\" decoding=\"async\" class=\"alignnone size-full wp-image-992\" src=\"https:\/\/przedszkole18.edu.wroclaw.pl\/wp-content\/uploads\/sites\/36\/2020\/03\/zosta\u0144-w-domu-1.jpg\" alt=\"\" width=\"1024\" height=\"728\" \/><\/p>\n<p><img loading=\"lazy\" decoding=\"async\" class=\"alignnone size-full wp-image-991\" src=\"https:\/\/przedszkole18.edu.wroclaw.pl\/wp-content\/uploads\/sites\/36\/2020\/03\/mycie-r\u0105k-1.jpg\" alt=\"\" width=\"1024\" height=\"728\" srcset=\"https:\/\/przedszkole18.edu.wroclaw.pl\/wp-content\/uploads\/sites\/36\/2020\/03\/mycie-r\u0105k-1.jpg 1024w, https:\/\/przedszkole18.edu.wroclaw.pl\/wp-content\/uploads\/sites\/36\/2020\/03\/mycie-r\u0105k-1-300x213.jpg 300w, https:\/\/przedszkole18.edu.wroclaw.pl\/wp-content\/uploads\/sites\/36\/2020\/03\/mycie-r\u0105k-1-768x546.jpg 768w, https:\/\/przedszkole18.edu.wroclaw.pl\/wp-content\/uploads\/sites\/36\/2020\/03\/mycie-r\u0105k-1-600x427.jpg 600w, https:\/\/przedszkole18.edu.wroclaw.pl\/wp-content\/uploads\/sites\/36\/2020\/03\/mycie-r\u0105k-1-624x444.jpg 624w\" sizes=\"auto, (max-width: 1024px) 100vw, 1024px\" \/><\/p>\n<p>Zach\u0119camy r\u00f3wnie\u017c do przeczytania artyku\u0142u i obejrzenia filmu na stronie Wroc\u0142awskiej Policji:<\/p>\n<p><a href=\"http:\/\/www.wroclaw.policja.gov.pl\/pl\/p\/dpwi_portal\/aktualnosci\/wiadomosci\/biezace_informacje\/dzieci_to_wiedza___a_ty__\">http:\/\/www.wroclaw.policja.gov.pl\/pl\/p\/dpwi_portal\/aktualnosci\/wiadomosci\/biezace_informacje\/dzieci_to_wiedza___a_ty__<\/a><\/p>\n","protected":false},"excerpt":{"rendered":"<p>Zach\u0119camy r\u00f3wnie\u017c do przeczytania artyku\u0142u i obejrzenia filmu na stronie Wroc\u0142awskiej Policji: http:\/\/www.wroclaw.policja.gov.pl\/pl\/p\/dpwi_portal\/aktualnosci\/wiadomosci\/biezace_informacje\/dzieci_to_wiedza___a_ty__<\/p>\n","protected":false},"author":102,"featured_media":0,"comment_status":"closed","ping_status":"closed","sticky":false,"template":"","format":"standard","meta":{"ngg_post_thumbnail":0,"footnotes":""},"categories":[3],"tags":[],"class_list":["post-990","post","type-post","status-publish","format-standard","hentry","category-aktualnosci","clearfix"],"_links":{"self":[{"href":"https:\/\/przedszkole18.edu.wroclaw.pl\/index.php\/wp-json\/wp\/v2\/posts\/990","targetHints":{"allow":["GET"]}}],"collection":[{"href":"https:\/\/przedszkole18.edu.wroclaw.pl\/index.php\/wp-json\/wp\/v2\/posts"}],"about":[{"href":"https:\/\/przedszkole18.edu.wroclaw.pl\/index.php\/wp-json\/wp\/v2\/types\/post"}],"author":[{"embeddable":true,"href":"https:\/\/przedszkole18.edu.wroclaw.pl\/index.php\/wp-json\/wp\/v2\/users\/102"}],"replies":[{"embeddable":true,"href":"https:\/\/przedszkole18.edu.wroclaw.pl\/index.php\/wp-json\/wp\/v2\/comments?post=990"}],"version-history":[{"count":1,"href":"https:\/\/przedszkole18.edu.wroclaw.pl\/index.php\/wp-json\/wp\/v2\/posts\/990\/revisions"}],"predecessor-version":[{"id":994,"href":"https:\/\/przedszkole18.edu.wroclaw.pl\/index.php\/wp-json\/wp\/v2\/posts\/990\/revisions\/994"}],"wp:attachment":[{"href":"https:\/\/przedszkole18.edu.wroclaw.pl\/index.php\/wp-json\/wp\/v2\/media?parent=990"}],"wp:term":[{"taxonomy":"category","embeddable":true,"href":"https:\/\/przedszkole18.edu.wroclaw.pl\/index.php\/wp-json\/wp\/v2\/categories?post=990"},{"taxonomy":"post_tag","embeddable":true,"href":"https:\/\/przedszkole18.edu.wroclaw.pl\/index.php\/wp-json\/wp\/v2\/tags?post=990"}],"curies":[{"name":"wp","href":"https:\/\/api.w.org\/{rel}","templated":true}]}}