
{"id":9949,"date":"2023-10-27T10:23:51","date_gmt":"2023-10-27T08:23:51","guid":{"rendered":"https:\/\/przedszkole18.edu.wroclaw.pl\/?p=9949"},"modified":"2023-10-27T10:23:51","modified_gmt":"2023-10-27T08:23:51","slug":"propozycja-jesienne-zdjecia","status":"publish","type":"post","link":"https:\/\/przedszkole18.edu.wroclaw.pl\/index.php\/2023\/10\/27\/propozycja-jesienne-zdjecia\/","title":{"rendered":"Propozycja -Jesienne zdj\u0119cia."},"content":{"rendered":"<p><span style=\"color: #008000\"><strong>Szanowni Pa\u0144stwo!<\/strong> <\/span><\/p>\n<p><span style=\"color: #008000\">Wsp\u00f3\u0142pracuj\u0105cy z plac\u00f3wk\u0105 fotograf z\u0142o\u017cy\u0142 propozycj\u0119 zrobienia dla dzieci\u00a0 &#8222;Jesiennych zdj\u0119\u0107&#8221; &#8211; koszt us\u0142ugi 30 z\u0142otych w holu przedszkola mo\u017cna zobaczy\u0107 przedstawion\u0105 propozycj\u0119.\u00a0 Zdj\u0119cia tylko na zapisy ch\u0119tnych rodzic\u00f3w,\u00a0 sw\u00f3j akces prosz\u0119 zg\u0142osi\u0107 nauczycielom grup. Wst\u0119pny termin 21 listopada godzina 9.15 \u00a0 <\/span><\/p>\n","protected":false},"excerpt":{"rendered":"<p>Szanowni Pa\u0144stwo! Wsp\u00f3\u0142pracuj\u0105cy z plac\u00f3wk\u0105 fotograf z\u0142o\u017cy\u0142 propozycj\u0119 zrobienia dla dzieci\u00a0 &#8222;Jesiennych zdj\u0119\u0107&#8221; &#8211; koszt us\u0142ugi 30 z\u0142otych w holu przedszkola mo\u017cna zobaczy\u0107 przedstawion\u0105 propozycj\u0119.\u00a0 Zdj\u0119cia tylko na zapisy ch\u0119tnych [&hellip;]<\/p>\n","protected":false},"author":115,"featured_media":9506,"comment_status":"closed","ping_status":"closed","sticky":false,"template":"","format":"standard","meta":{"ngg_post_thumbnail":0,"footnotes":""},"categories":[3],"tags":[],"class_list":["post-9949","post","type-post","status-publish","format-standard","has-post-thumbnail","hentry","category-aktualnosci","clearfix"],"_links":{"self":[{"href":"https:\/\/przedszkole18.edu.wroclaw.pl\/index.php\/wp-json\/wp\/v2\/posts\/9949","targetHints":{"allow":["GET"]}}],"collection":[{"href":"https:\/\/przedszkole18.edu.wroclaw.pl\/index.php\/wp-json\/wp\/v2\/posts"}],"about":[{"href":"https:\/\/przedszkole18.edu.wroclaw.pl\/index.php\/wp-json\/wp\/v2\/types\/post"}],"author":[{"embeddable":true,"href":"https:\/\/przedszkole18.edu.wroclaw.pl\/index.php\/wp-json\/wp\/v2\/users\/115"}],"replies":[{"embeddable":true,"href":"https:\/\/przedszkole18.edu.wroclaw.pl\/index.php\/wp-json\/wp\/v2\/comments?post=9949"}],"version-history":[{"count":1,"href":"https:\/\/przedszkole18.edu.wroclaw.pl\/index.php\/wp-json\/wp\/v2\/posts\/9949\/revisions"}],"predecessor-version":[{"id":9950,"href":"https:\/\/przedszkole18.edu.wroclaw.pl\/index.php\/wp-json\/wp\/v2\/posts\/9949\/revisions\/9950"}],"wp:featuredmedia":[{"embeddable":true,"href":"https:\/\/przedszkole18.edu.wroclaw.pl\/index.php\/wp-json\/wp\/v2\/media\/9506"}],"wp:attachment":[{"href":"https:\/\/przedszkole18.edu.wroclaw.pl\/index.php\/wp-json\/wp\/v2\/media?parent=9949"}],"wp:term":[{"taxonomy":"category","embeddable":true,"href":"https:\/\/przedszkole18.edu.wroclaw.pl\/index.php\/wp-json\/wp\/v2\/categories?post=9949"},{"taxonomy":"post_tag","embeddable":true,"href":"https:\/\/przedszkole18.edu.wroclaw.pl\/index.php\/wp-json\/wp\/v2\/tags?post=9949"}],"curies":[{"name":"wp","href":"https:\/\/api.w.org\/{rel}","templated":true}]}}